{"id":3414,"date":"2024-03-22T14:48:23","date_gmt":"2024-03-22T13:48:23","guid":{"rendered":"https:\/\/serbenidorm.daliisolutions.com\/index.php\/2024\/03\/22\/hector-alvarez-se-hace-mayor-en-la-guido-reybrouck-classic\/"},"modified":"2024-03-22T14:48:23","modified_gmt":"2024-03-22T13:48:23","slug":"hector-alvarez-se-hace-mayor-en-la-guido-reybrouck-classic","status":"publish","type":"post","link":"https:\/\/serbenidorm.daliisolutions.com\/index.php\/2024\/03\/22\/hector-alvarez-se-hace-mayor-en-la-guido-reybrouck-classic\/","title":{"rendered":"H\u00e9ctor \u00c1lvarez se hace mayor en la Guido Reybrouck Classic"},"content":{"rendered":"  <p>Benidorm<\/p>   <p>Los adoquines no son para los espa\u00f1oles. Esa m\u00e1xima, tatuada a fuego en el imaginario del ciclismo espa\u00f1ol, ha tenido algunas honrosas excepciones a lo largo de la historia, pero no han dejado de ser la excepci\u00f3n que confirma la regla. Remotos son ya los tiempos, por no irnos a momentos antediluvianos, en los que \u00d3scar Freire y Juan Antonio Flecha hac\u00edan so\u00f1ar a la afici\u00f3n espa\u00f1ola en las mitiqu\u00edsimas Vuelta a Flandes o Par\u00eds-Roubaix. Luego, s\u00f3lo alguna incursi\u00f3n espor\u00e1dica de Imanol Erviti o el propio Alejandro Valverde remontaron el inter\u00e9s por el bello ciclismo \u2018clasic\u00f3mano\u2019 en nuestro pa\u00eds.<\/p>   <p>Pero eso puede que est\u00e9 a punto de cambiar. As\u00ed, al menos, puede derivarse de la fabulosa victoria del alfasino <a href=\"https:\/\/cadenaser.com\/comunitat-valenciana\/2024\/02\/12\/hector-alvarez-se-proclama-campeon-de-espana-tras-una-exhibicion-en-dos-hermanas-radio-benidorm\/\" target=\"_blank\" rel=\"noopener\">H\u00e9ctor \u00c1lvarez<\/a>, este domingo, en la segunda y \u00faltima etapa de la Guido Reybrouck Classic, disputada con salida y meta en Damme y sobre un recorrido de 122 kil\u00f3metros con hasta 14 tramos de adoquines que sumaron m\u00e1s de once kil\u00f3metros sobre esa superficie.<\/p>   <p>En una jornada marcada por el t\u00edpico tiempo \u2018pestoso\u2019 de las grandes citas primaverales belgas, esas en las que se forjaron en el pasado algunos de los m\u00e1s grandes mitos del ciclismo, el pelot\u00f3n decidi\u00f3 no darse ninguna tregua y rod\u00f3 a un fort\u00edsimo ritmo desde el inicio mismo de la carrera.<\/p>   <p>Fueron incontables los intentos de formar la fuga buena del d\u00eda, pero el gran grupo, congelado por las bajas temperaturas y la lluvia que no ces\u00f3 en ning\u00fan momento, se empe\u00f1\u00f3 en echarlos todos abajo imprimiendo una velocidad que desanimaba a cualquier valiente que pensara en llegar en solitario.<\/p>   <p>As\u00ed las cosas, la selecci\u00f3n espa\u00f1ola se plant\u00f3 en los kil\u00f3metros finales pensando en lanzar el sprint para el que, sobre el papel, deb\u00eda ser su hombre r\u00e1pido, Marcos Freire, hijo del triple campe\u00f3n del mundo, que se qued\u00f3 sin opciones debido a un contratiempo mec\u00e1nico del que, en todo caso, acab\u00f3 reponi\u00e9ndose para firmar un muy buen top10 en meta.<\/p>   <p>Y ah\u00ed fue donde H\u00e9ctor \u00c1lvarez hizo valer su magia. Forjado en la pista, <a href=\"https:\/\/cadenaser.com\/comunitat-valenciana\/2024\/02\/12\/hector-alvarez-se-proclama-campeon-de-espana-tras-una-exhibicion-en-dos-hermanas-radio-benidorm\/\" target=\"_blank\" rel=\"noopener\">donde es campe\u00f3n de Europa de \u00d3mnium<\/a>, y ausente el claro jefe de filas en una llegada masiva, el de l\u2019Alf\u00e0s del Pi se ech\u00f3 el equipo a la espalda y con un sprint portentoso, pura fuerza y convicci\u00f3n, se impuso ante algunos de los mejores J\u00fanior del panorama internacional en una etapa en la que, adem\u00e1s, Roger Parera hizo cuarto.<\/p>   <p>Con ese triunfo, \u00c1lvarez se convirti\u00f3 en el mejor espa\u00f1ol de la general final firmando un 13\u00ba puesto en una carrera que, desde su nacimiento en 2015, ha visto vencer a figuras tan destacadas como Jasper Philipsen (vencedor este s\u00e1bado de la Mil\u00e1n-Sanremo) o Remco Evenepoel, campe\u00f3n del mundo en 2022, poseedor de dos Lieja-Basto\u00f1a-Lieja, tres Cl\u00e1sicas de San Sebasti\u00e1n o cinco etapas y una general en la Vuelta a Espa\u00f1a entre otros muchos triunfos.<\/p> ","protected":false},"excerpt":{"rendered":"<p>El ciclista de l\u2019Alf\u00e0s del Pi se llev\u00f3 la segunda y \u00faltima etapa de la prestigiosa prueba belga<\/p>\n","protected":false},"author":0,"featured_media":3415,"comment_status":"open","ping_status":"open","sticky":false,"template":"","format":"standard","meta":{"_acf_changed":false,"footnotes":""},"categories":[16],"tags":[],"class_list":["post-3414","post","type-post","status-publish","format-standard","has-post-thumbnail","hentry","category-deportes"],"acf":{"ser_id":"HJYJLKWLKNDAZMPVD7E7WS3NQU","ser_url":"https:\/\/cadenaser.com\/comunitat-valenciana\/2024\/03\/18\/hector-alvarez-se-hace-mayor-en-la-guido-reybrouck-classic-radio-benidorm\/"},"_links":{"self":[{"href":"https:\/\/serbenidorm.daliisolutions.com\/index.php\/wp-json\/wp\/v2\/posts\/3414","targetHints":{"allow":["GET"]}}],"collection":[{"href":"https:\/\/serbenidorm.daliisolutions.com\/index.php\/wp-json\/wp\/v2\/posts"}],"about":[{"href":"https:\/\/serbenidorm.daliisolutions.com\/index.php\/wp-json\/wp\/v2\/types\/post"}],"replies":[{"embeddable":true,"href":"https:\/\/serbenidorm.daliisolutions.com\/index.php\/wp-json\/wp\/v2\/comments?post=3414"}],"version-history":[{"count":0,"href":"https:\/\/serbenidorm.daliisolutions.com\/index.php\/wp-json\/wp\/v2\/posts\/3414\/revisions"}],"wp:featuredmedia":[{"embeddable":true,"href":"https:\/\/serbenidorm.daliisolutions.com\/index.php\/wp-json\/wp\/v2\/media\/3415"}],"wp:attachment":[{"href":"https:\/\/serbenidorm.daliisolutions.com\/index.php\/wp-json\/wp\/v2\/media?parent=3414"}],"wp:term":[{"taxonomy":"category","embeddable":true,"href":"https:\/\/serbenidorm.daliisolutions.com\/index.php\/wp-json\/wp\/v2\/categories?post=3414"},{"taxonomy":"post_tag","embeddable":true,"href":"https:\/\/serbenidorm.daliisolutions.com\/index.php\/wp-json\/wp\/v2\/tags?post=3414"}],"curies":[{"name":"wp","href":"https:\/\/api.w.org\/{rel}","templated":true}]}}