{"id":3416,"date":"2024-03-22T14:48:25","date_gmt":"2024-03-22T13:48:25","guid":{"rendered":"https:\/\/serbenidorm.daliisolutions.com\/index.php\/2024\/03\/22\/el-tm-benidorm-busca-esta-noche-acercase-a-la-fase-final-de-la-copa-del-rey\/"},"modified":"2024-03-22T14:48:25","modified_gmt":"2024-03-22T13:48:25","slug":"el-tm-benidorm-busca-esta-noche-acercase-a-la-fase-final-de-la-copa-del-rey","status":"publish","type":"post","link":"https:\/\/serbenidorm.daliisolutions.com\/index.php\/2024\/03\/22\/el-tm-benidorm-busca-esta-noche-acercase-a-la-fase-final-de-la-copa-del-rey\/","title":{"rendered":"El TM Benidorm busca esta noche acercase a la fase final de la Copa del Rey"},"content":{"rendered":"  <p>Benidorm<\/p>   <p>El <a href=\"https:\/\/cadenaser.com\/tag\/club_balonmano_benidorm\/a\/\" target=\"_blank\" rel=\"noopener\">TM Benidorm<\/a> viaja este mi\u00e9rcoles a la isla de Ibiza para afrontar la segunda eliminatoria de la Copa del Rey de balonmano en una ronda que se disputa a partido \u00fanico en la cancha del equipo de menor categor\u00eda, en este caso, el Ibiza antepen\u00faltimo clasificado en la Divisi\u00f3n de Honor Plata masculina y, por lo tanto, un rival, a priori, sencillo para los de Sergio Carballeira.<\/p>  <p><p>M\u00e1s informaci\u00f3n<\/p><figure><img decoding=\"async\" src=\"https:\/\/cadenaser.com\/resizer\/FvZRnE5yP6ctd6x36gSwjl0TXk4=\/650x366\/filters:quality(70)\/cloudfront-eu-central-1.images.arcpublishing.com\/prisaradio\/OAKMBNI4ZFETHMSLQCGXLEMVPA.jpg\" loading=\"lazy\" width=\"828\" height=\"621\" \/><\/figure><ul><li><a href=\"https:\/\/cadenaser.com\/tag\/club_balonmano_benidorm\/a\/\">Toda la informaci\u00f3n del TM Benidorm<\/a><\/li><\/ul><\/p>   <p>Tras superar al Tubos Aranda en la primera ronda, los benidormenses regresan al torneo del KO en una semana en la que deber\u00e1n afrontar el choque de <a href=\"https:\/\/cadenaser.com\/tag\/liga_asobal\/a\/\" target=\"_blank\" rel=\"noopener\">Liga Asobal<\/a> ante el Bar\u00e7a, intratable dominador de la competici\u00f3n dom\u00e9stica desde hace d\u00e9cada y media, que visitar\u00e1 el Palau d\u2019Esports este s\u00e1bado (19:00 horas).<\/p>   <p>Desde el <a href=\"https:\/\/cadenaser.com\/tag\/club_balonmano_benidorm\/a\/\" target=\"_blank\" rel=\"noopener\">Club Balonmano Benidorm<\/a> se han marcado como uno de los objetivos de la temporada meterse en la fase final de la Copa del Rey, algo para lo que deber\u00e1n derrotar esta noche al Ibiza y, posteriormente, superar una nueva eliminatoria.<\/p> ","protected":false},"excerpt":{"rendered":"<p>El equipo de Sergio Carballeira viaja a Ibiza para buscar el pase en una eliminatoria que se disputa a partido \u00fanico<\/p>\n","protected":false},"author":0,"featured_media":3417,"comment_status":"open","ping_status":"open","sticky":false,"template":"","format":"standard","meta":{"_acf_changed":false,"footnotes":""},"categories":[16],"tags":[],"class_list":["post-3416","post","type-post","status-publish","format-standard","has-post-thumbnail","hentry","category-deportes"],"acf":{"ser_id":"PGHQTHYIVRDYFBPFGKKCZLKVHQ","ser_url":"https:\/\/cadenaser.com\/comunitat-valenciana\/2024\/03\/20\/el-tm-benidorm-busca-esta-noche-acercase-a-la-fase-final-de-la-copa-del-rey-radio-benidorm\/"},"_links":{"self":[{"href":"https:\/\/serbenidorm.daliisolutions.com\/index.php\/wp-json\/wp\/v2\/posts\/3416","targetHints":{"allow":["GET"]}}],"collection":[{"href":"https:\/\/serbenidorm.daliisolutions.com\/index.php\/wp-json\/wp\/v2\/posts"}],"about":[{"href":"https:\/\/serbenidorm.daliisolutions.com\/index.php\/wp-json\/wp\/v2\/types\/post"}],"replies":[{"embeddable":true,"href":"https:\/\/serbenidorm.daliisolutions.com\/index.php\/wp-json\/wp\/v2\/comments?post=3416"}],"version-history":[{"count":0,"href":"https:\/\/serbenidorm.daliisolutions.com\/index.php\/wp-json\/wp\/v2\/posts\/3416\/revisions"}],"wp:featuredmedia":[{"embeddable":true,"href":"https:\/\/serbenidorm.daliisolutions.com\/index.php\/wp-json\/wp\/v2\/media\/3417"}],"wp:attachment":[{"href":"https:\/\/serbenidorm.daliisolutions.com\/index.php\/wp-json\/wp\/v2\/media?parent=3416"}],"wp:term":[{"taxonomy":"category","embeddable":true,"href":"https:\/\/serbenidorm.daliisolutions.com\/index.php\/wp-json\/wp\/v2\/categories?post=3416"},{"taxonomy":"post_tag","embeddable":true,"href":"https:\/\/serbenidorm.daliisolutions.com\/index.php\/wp-json\/wp\/v2\/tags?post=3416"}],"curies":[{"name":"wp","href":"https:\/\/api.w.org\/{rel}","templated":true}]}}