{"id":3422,"date":"2024-03-22T14:48:33","date_gmt":"2024-03-22T13:48:33","guid":{"rendered":"https:\/\/serbenidorm.daliisolutions.com\/index.php\/2024\/03\/22\/pablo-colo-vainstein-seguira-en-benidorm-un-ano-mas\/"},"modified":"2024-03-22T14:48:33","modified_gmt":"2024-03-22T13:48:33","slug":"pablo-colo-vainstein-seguira-en-benidorm-un-ano-mas","status":"publish","type":"post","link":"https:\/\/serbenidorm.daliisolutions.com\/index.php\/2024\/03\/22\/pablo-colo-vainstein-seguira-en-benidorm-un-ano-mas\/","title":{"rendered":"Pablo \u2018Colo\u2019 Vainstein seguir\u00e1 en Benidorm un a\u00f1o m\u00e1s"},"content":{"rendered":"  <p>Benidorm<\/p>   <p>Tres a\u00f1os le han bastado al lateral derecho argentino Pablo Vainstein para convertirse en uno de los jugadores de referencia del <a href=\"https:\/\/cadenaser.com\/tag\/club_balonmano_benidorm\/a\/\" target=\"_blank\" rel=\"noopener\">TM Benidorm<\/a> tanto dentro como fuera del vestuario. M\u00e1s conocido por su apodo de \u2018el Colo\u2019, este a\u00f1o se convirti\u00f3 en el primer capit\u00e1n del conjunto del Palau d\u2019Esports l\u2019Illa de Benidorm tras la jubilaci\u00f3n, en la parte final de la pasada campa\u00f1a, de Carlos Grau.<\/p>   <p>Su buen hacer deportivo (con 45 goles en su primera temporada, 40 en la segunda y otros tantos en lo que va de la actual) y su indudable carisma, siempre contagioso a la grada del Palau, han hecho que los tres a\u00f1os que lleva defendiendo los colores del equipo de la capital tur\u00edstica hayan servido para convertirlo en uno de esos jugadores con los que la afici\u00f3n se identifica y al que se le pide y exige que \u2018tire\u2019 del grupo cuando las cosas se complican.<\/p>  <p><p>M\u00e1s informaci\u00f3n<\/p><figure><img decoding=\"async\" src=\"https:\/\/cadenaser.com\/resizer\/6UU48-ewBTtj-9A3sdjESvY_Nhc=\/650x366\/filters:quality(70)\/cloudfront-eu-central-1.images.arcpublishing.com\/prisaradio\/H6FAWLACQBAPLB7DSMEXJWBG7Q.jpg\" loading=\"lazy\" width=\"828\" height=\"621\" \/><\/figure><ul><li><a href=\"https:\/\/cadenaser.com\/tag\/club_balonmano_benidorm\/a\/\">Todas las noticias del TM Benidorm<\/a><\/li><\/ul><\/p>   <p>Vainstein lleg\u00f3 al TM Benidorm tras pasar seis a\u00f1os en el Balonmano Cuenca y a sus 34 a\u00f1os est\u00e1 viviendo en el Palau d\u2019Esports una suerte de segunda juventud promediando este a\u00f1o 2,22 tantos por partido, su mejor registro en m\u00e1s de un lustro.<\/p>   <p>Todo ello ha hecho que la comuni\u00f3n entre el jugador y el <a href=\"https:\/\/cadenaser.com\/tag\/club_balonmano_benidorm\/a\/\" target=\"_blank\" rel=\"noopener\">Club Balonmano Benidorm<\/a> sea total y las dos partes hayan podido anunciar en la tarde de este jueves el acuerdo de renovaci\u00f3n que han alcanzado para extender el contrato del albiceleste, al menos, una temporada m\u00e1s, es decir, hasta el final de la campa\u00f1a 2024-2025.<\/p> ","protected":false},"excerpt":{"rendered":"<p>El lateral derecho argentino y el Club Balonmano Benidorm han llegado a un acuerdo para alargar su relaci\u00f3n, al menos, hasta 2025<\/p>\n","protected":false},"author":0,"featured_media":3423,"comment_status":"open","ping_status":"open","sticky":false,"template":"","format":"standard","meta":{"_acf_changed":false,"footnotes":""},"categories":[16],"tags":[],"class_list":["post-3422","post","type-post","status-publish","format-standard","has-post-thumbnail","hentry","category-deportes"],"acf":{"ser_id":"QIWEKHC74JDU5O5GWOYFLEFPDY","ser_url":"https:\/\/cadenaser.com\/comunitat-valenciana\/2024\/03\/14\/pablo-colo-vainstein-seguira-en-benidorm-un-ano-mas-radio-benidorm\/"},"_links":{"self":[{"href":"https:\/\/serbenidorm.daliisolutions.com\/index.php\/wp-json\/wp\/v2\/posts\/3422","targetHints":{"allow":["GET"]}}],"collection":[{"href":"https:\/\/serbenidorm.daliisolutions.com\/index.php\/wp-json\/wp\/v2\/posts"}],"about":[{"href":"https:\/\/serbenidorm.daliisolutions.com\/index.php\/wp-json\/wp\/v2\/types\/post"}],"replies":[{"embeddable":true,"href":"https:\/\/serbenidorm.daliisolutions.com\/index.php\/wp-json\/wp\/v2\/comments?post=3422"}],"version-history":[{"count":0,"href":"https:\/\/serbenidorm.daliisolutions.com\/index.php\/wp-json\/wp\/v2\/posts\/3422\/revisions"}],"wp:featuredmedia":[{"embeddable":true,"href":"https:\/\/serbenidorm.daliisolutions.com\/index.php\/wp-json\/wp\/v2\/media\/3423"}],"wp:attachment":[{"href":"https:\/\/serbenidorm.daliisolutions.com\/index.php\/wp-json\/wp\/v2\/media?parent=3422"}],"wp:term":[{"taxonomy":"category","embeddable":true,"href":"https:\/\/serbenidorm.daliisolutions.com\/index.php\/wp-json\/wp\/v2\/categories?post=3422"},{"taxonomy":"post_tag","embeddable":true,"href":"https:\/\/serbenidorm.daliisolutions.com\/index.php\/wp-json\/wp\/v2\/tags?post=3422"}],"curies":[{"name":"wp","href":"https:\/\/api.w.org\/{rel}","templated":true}]}}