{"id":3424,"date":"2024-03-22T14:48:36","date_gmt":"2024-03-22T13:48:36","guid":{"rendered":"https:\/\/serbenidorm.daliisolutions.com\/index.php\/2024\/03\/22\/el-c-f-benidorm-se-mide-esta-noche-al-santa-pola-en-el-guillermo-amor\/"},"modified":"2024-03-22T14:48:36","modified_gmt":"2024-03-22T13:48:36","slug":"el-c-f-benidorm-se-mide-esta-noche-al-santa-pola-en-el-guillermo-amor","status":"publish","type":"post","link":"https:\/\/serbenidorm.daliisolutions.com\/index.php\/2024\/03\/22\/el-c-f-benidorm-se-mide-esta-noche-al-santa-pola-en-el-guillermo-amor\/","title":{"rendered":"El C.F. Benidorm se mide esta noche al Santa Pola en el Guillermo Amor"},"content":{"rendered":"  <p>Benidorm<\/p>   <p>En un d\u00eda poco habitual y en un horario nada com\u00fan para los partidos que, desde su regreso al Guillermo Amor, disputa el <a href=\"https:\/\/cadenaser.com\/tag\/club_futbol_benidorm\/a\/\" target=\"_blank\" rel=\"noopener\">C.F. Benidorm<\/a> como local, el l\u00edder del grupo sur de la Lliga Comunitat se mide esta noche (20:30 horas) al Santa Pola en un choque correspondiente a la 20\u00aa jornada de competici\u00f3n, que fue aplazada despu\u00e9s de que la Federaci\u00f3n de F\u00fatbol de la Comunitat Valenciana suspendiera las competiciones de esa semana en se\u00f1al de duelo por las v\u00edctimas del incendio de un edificio en el barrio de Campanar de la ciudad de Val\u00e8ncia.<\/p>   <p>Sobre el papel, el <a href=\"https:\/\/cadenaser.com\/tag\/club_futbol_benidorm\/a\/\" target=\"_blank\" rel=\"noopener\">C.F. Benidorm<\/a> es el gran favorito para llevarse los tres puntos no s\u00f3lo por su condici\u00f3n de local, sino, sobre todo, por la gran diferencia existente entre los dos equipos en la clasificaci\u00f3n. Mientras que los de Miguel \u00c1ngel Mart\u00ednez son l\u00edderes con once puntos de ventaja sobre el segundo clasificado, el Crevillent Deportivo; el Santa Pola ocupa la pen\u00faltima plaza a cinco puntos de la salvaci\u00f3n, marcada ahora mismo por los 23 puntos del Callosa Deportiva.<\/p>  <p><p>M\u00e1s informaci\u00f3n<\/p><figure><img decoding=\"async\" src=\"https:\/\/cadenaser.com\/resizer\/LH8TJ6htbu8TLzvBadxs9OWJHDs=\/650x366\/filters:quality(70)\/cloudfront-eu-central-1.images.arcpublishing.com\/prisaradio\/ZAJTFX5CRBERNF7T7IKHO66JGA.JPG\" loading=\"lazy\" width=\"828\" height=\"621\" \/><\/figure><ul><li><a href=\"https:\/\/cadenaser.com\/tag\/club_futbol_benidorm\/a\/\">Todas las noticias del C.F. Benidorm<\/a><\/li><\/ul><\/p>   <p>Por lo dem\u00e1s, seg\u00fan explic\u00f3 el entrenador benidormense en <a href=\"https:\/\/cadenaser.com\/radio-benidorm\/ser-deportivos-benidorm\/\" target=\"_blank\" rel=\"noopener\">SER Deportivos Marina Baixa<\/a>, el conjunto del Guillermo Amor llega al partido con buenas sensaciones y con el claro objetivo de reponerse del relativo tropiezo que supuso el <a href=\"https:\/\/cadenaser.com\/comunitat-valenciana\/2024\/03\/10\/el-cf-benidorm-no-paso-del-empate-en-el-guillermo-amor-radio-benidorm\/\" target=\"_blank\" rel=\"noopener\">empate a cero goles del pasado domingo ante el Tavernes de la Valldigna<\/a>.<\/p>   <p><b>Llamamiento a la afici\u00f3n<\/b><\/p>   <p>Desde el C.F. Benidorm se ha hecho un llamamiento a la afici\u00f3n local para que, pese a ser un partido entre semana y a una hora poco habitual en la ciudad, acuda en masa a las gradas del Guillermo Amor para apoyar al equipo en una jornada en la que podr\u00eda aumentar su renta respecto a su rival crevillentino hasta los 14 puntos a la espera de lo que pueda suceder en el choque que este domingo, y tambi\u00e9n correspondiente a esa jornada aplazada, debe disputar el Crevillent Deportivo frente al D\u00e9nia.<\/p> ","protected":false},"excerpt":{"rendered":"<p>El l\u00edder afronta el partido aplazado con motivo de la 20\u00aa jornada de la Lliga Comunitat<\/p>\n","protected":false},"author":0,"featured_media":3425,"comment_status":"open","ping_status":"open","sticky":false,"template":"","format":"standard","meta":{"_acf_changed":false,"footnotes":""},"categories":[16],"tags":[],"class_list":["post-3424","post","type-post","status-publish","format-standard","has-post-thumbnail","hentry","category-deportes"],"acf":{"ser_id":"UIVH7NKFYRAIPOLFTSNVZFQACU","ser_url":"https:\/\/cadenaser.com\/comunitat-valenciana\/2024\/03\/14\/el-cf-benidorm-se-mide-esta-noche-al-santa-pola-en-el-guillermo-amor-radio-benidorm\/"},"_links":{"self":[{"href":"https:\/\/serbenidorm.daliisolutions.com\/index.php\/wp-json\/wp\/v2\/posts\/3424","targetHints":{"allow":["GET"]}}],"collection":[{"href":"https:\/\/serbenidorm.daliisolutions.com\/index.php\/wp-json\/wp\/v2\/posts"}],"about":[{"href":"https:\/\/serbenidorm.daliisolutions.com\/index.php\/wp-json\/wp\/v2\/types\/post"}],"replies":[{"embeddable":true,"href":"https:\/\/serbenidorm.daliisolutions.com\/index.php\/wp-json\/wp\/v2\/comments?post=3424"}],"version-history":[{"count":0,"href":"https:\/\/serbenidorm.daliisolutions.com\/index.php\/wp-json\/wp\/v2\/posts\/3424\/revisions"}],"wp:featuredmedia":[{"embeddable":true,"href":"https:\/\/serbenidorm.daliisolutions.com\/index.php\/wp-json\/wp\/v2\/media\/3425"}],"wp:attachment":[{"href":"https:\/\/serbenidorm.daliisolutions.com\/index.php\/wp-json\/wp\/v2\/media?parent=3424"}],"wp:term":[{"taxonomy":"category","embeddable":true,"href":"https:\/\/serbenidorm.daliisolutions.com\/index.php\/wp-json\/wp\/v2\/categories?post=3424"},{"taxonomy":"post_tag","embeddable":true,"href":"https:\/\/serbenidorm.daliisolutions.com\/index.php\/wp-json\/wp\/v2\/tags?post=3424"}],"curies":[{"name":"wp","href":"https:\/\/api.w.org\/{rel}","templated":true}]}}