{"id":3426,"date":"2024-03-22T14:48:37","date_gmt":"2024-03-22T13:48:37","guid":{"rendered":"https:\/\/serbenidorm.daliisolutions.com\/index.php\/2024\/03\/22\/kiko-lacasa-entrenador-del-c-f-la-nucia-tenemos-la-sensacion-de-que-ni-ganando-todos-los-partidos-nos-salvamos\/"},"modified":"2024-03-22T14:48:37","modified_gmt":"2024-03-22T13:48:37","slug":"kiko-lacasa-entrenador-del-c-f-la-nucia-tenemos-la-sensacion-de-que-ni-ganando-todos-los-partidos-nos-salvamos","status":"publish","type":"post","link":"https:\/\/serbenidorm.daliisolutions.com\/index.php\/2024\/03\/22\/kiko-lacasa-entrenador-del-c-f-la-nucia-tenemos-la-sensacion-de-que-ni-ganando-todos-los-partidos-nos-salvamos\/","title":{"rendered":"Kiko Lacasa, entrenador del C.F. La Nuc\u00eda: \u00abTenemos la sensaci\u00f3n de que ni ganando todos los partidos nos salvamos\u00bb"},"content":{"rendered":"  <p>Benidorm<\/p>   <p>Una de las grandes noticias de la semana en lo que al f\u00fatbol comarcal se refiere ha sido <a href=\"https:\/\/cadenaser.com\/comunitat-valenciana\/2024\/03\/11\/mario-cartagena-dimite-de-manera-irrevocable-como-entrenador-de-la-nucia-radio-benidorm\/\" target=\"_blank\" rel=\"noopener\">la \u201cdimisi\u00f3n irrevocable\u201d de Mario Cartagena como entrenador del C.F. La Nuc\u00eda<\/a>, una decisi\u00f3n que se comunic\u00f3 el pasado lunes, pero que el ext\u00e9cnico rojillo hab\u00eda trasladado ya a sus jugadores antes de afrontar el partido ante el Europa por 4-2.<\/p>   <p>Tras la marcha del entrenador eldense y en una situaci\u00f3n absolutamente desesperada en lo deportivo, Kiko Lacasa, director deportivo de la entidad, ha vuelto a asumir la responsabilidad de sentarse en el el\u00e9ctrico banquillo nuciero y todo hace pensar que, habida cuenta de la virtual imposibilidad de evitar el descenso, ser\u00e1 \u00e9l quien termine la temporada.<\/p>   <p>En <a href=\"https:\/\/cadenaser.com\/audio\/ser_alicante_serdeportivosalicante_20240313_152000_160000\/\" target=\"_blank\" rel=\"noopener\">una entrevista concedida a Pedro Vera<\/a> en <a href=\"https:\/\/cadenaser.com\/radio-alicante\/ser-deportivos-alicante\/\" target=\"_blank\" rel=\"noopener\">SER Deportivos Alicante<\/a>, y preguntado sobre los motivos que han llevado al equipo del Camilo Cano a su actual situaci\u00f3n, Lacasa ha reconocido que \u201cno lo sabr\u00eda explicar\u201d.<\/p>   <p>En una reflexi\u00f3n muy gr\u00e1fica, Kiko Lacasa ha asegurado que \u201cviendo c\u00f3mo est\u00e1bamos hace dos a\u00f1os y c\u00f3mo estamos ahora, parece que haya pasado un tsunami por aqu\u00ed\u201d y ha recordado la cr\u00edtica situaci\u00f3n en la que qued\u00f3 la propia entidad tras la huida del grupo inversor que ten\u00eda la propiedad del club.<\/p>   <p>\u201cEn el f\u00fatbol moderno vienen inversores a los clubes, como sucedi\u00f3 aqu\u00ed. Siempre hab\u00edamos estado inmaculados, hab\u00edamos cobrado perfectamente, todos los proyectos hab\u00edan salido bien\u2026 hasta que el a\u00f1o pasado, a final de temporada, los inversores americanos pegaron la espantada, se fueron y, a partir de ah\u00ed, todo ha ido muy mal\u201d, ha explicado el ahora entrenador.<\/p>   <p>Kiko Lacasa ha a\u00f1adido que \u201chan pasado muchas cosas a lo largo de la temporada que los que estamos dentro sabemos\u201d, aunque no ha entrado en los detalles. \u201cTodo eso, con el colof\u00f3n de los resultados en el campo, que no han sido los esperados. Est\u00e1n siendo muy malos, pero no creo que nos merezcamos el castigo que estamos recibiendo. Creo que deber\u00edamos estar peleando por la salvaci\u00f3n dignamente y no en tan hundidos como estamos porque quedan dos meses de competici\u00f3n y estamos pr\u00e1cticamente descendidos\u201d.<\/p>   <p>El director deportivo y entrenador del C.F. La Nuc\u00eda no ha querido vender falsas esperanzas a los seguidores del equipo y ha reconocido que \u201csi soy honesto, creo que ni ganando los ocho partidos que nos quedan nos salvar\u00edamos. Esa es la sensaci\u00f3n que tenemos. La matem\u00e1tica dice que todav\u00eda estamos vivos, as\u00ed que vamos a intentarlo hasta el final y el d\u00eda que se certifique el descenso, si ocurre, tambi\u00e9n tendremos que seguir hasta el final\u201d.<\/p>   <p>En cuanto a su papel en la actual crisis deportiva del C.F. La Nuc\u00eda, Kiko Lacasa no ha querido echar balones fuera y asegura que \u201csoy consciente de que tengo mucha responsabilidad en lo deportivo porque llevo aqu\u00ed ocho a\u00f1os. Igual que me he considerado importante cuando han venido los \u00e9xitos, tambi\u00e9n me considero importante cuando han llegado los fracasos. Esto hay que asumirlo\u201d.<\/p> ","protected":false},"excerpt":{"rendered":"<p>El tambi\u00e9n director deportivo de la entidad habl\u00f3 con Radio Alicante sobre la situaci\u00f3n del club rojillo<\/p>\n","protected":false},"author":0,"featured_media":3427,"comment_status":"open","ping_status":"open","sticky":false,"template":"","format":"standard","meta":{"_acf_changed":false,"footnotes":""},"categories":[16],"tags":[],"class_list":["post-3426","post","type-post","status-publish","format-standard","has-post-thumbnail","hentry","category-deportes"],"acf":{"ser_id":"IH5BMCR5AVGCDFFSXIHQOO4OTA","ser_url":"https:\/\/cadenaser.com\/comunitat-valenciana\/2024\/03\/14\/kiko-lacasa-entrenador-del-cf-la-nucia-tenemos-la-sensacion-de-que-ni-ganando-todos-los-partidos-nos-salvamos-radio-benidorm\/"},"_links":{"self":[{"href":"https:\/\/serbenidorm.daliisolutions.com\/index.php\/wp-json\/wp\/v2\/posts\/3426","targetHints":{"allow":["GET"]}}],"collection":[{"href":"https:\/\/serbenidorm.daliisolutions.com\/index.php\/wp-json\/wp\/v2\/posts"}],"about":[{"href":"https:\/\/serbenidorm.daliisolutions.com\/index.php\/wp-json\/wp\/v2\/types\/post"}],"replies":[{"embeddable":true,"href":"https:\/\/serbenidorm.daliisolutions.com\/index.php\/wp-json\/wp\/v2\/comments?post=3426"}],"version-history":[{"count":0,"href":"https:\/\/serbenidorm.daliisolutions.com\/index.php\/wp-json\/wp\/v2\/posts\/3426\/revisions"}],"wp:featuredmedia":[{"embeddable":true,"href":"https:\/\/serbenidorm.daliisolutions.com\/index.php\/wp-json\/wp\/v2\/media\/3427"}],"wp:attachment":[{"href":"https:\/\/serbenidorm.daliisolutions.com\/index.php\/wp-json\/wp\/v2\/media?parent=3426"}],"wp:term":[{"taxonomy":"category","embeddable":true,"href":"https:\/\/serbenidorm.daliisolutions.com\/index.php\/wp-json\/wp\/v2\/categories?post=3426"},{"taxonomy":"post_tag","embeddable":true,"href":"https:\/\/serbenidorm.daliisolutions.com\/index.php\/wp-json\/wp\/v2\/tags?post=3426"}],"curies":[{"name":"wp","href":"https:\/\/api.w.org\/{rel}","templated":true}]}}