{"id":3428,"date":"2024-03-22T14:48:39","date_gmt":"2024-03-22T13:48:39","guid":{"rendered":"https:\/\/serbenidorm.daliisolutions.com\/index.php\/2024\/03\/22\/las-entradas-para-la-visita-del-barca-al-tm-benidorm-vuelan\/"},"modified":"2024-03-22T14:48:39","modified_gmt":"2024-03-22T13:48:39","slug":"las-entradas-para-la-visita-del-barca-al-tm-benidorm-vuelan","status":"publish","type":"post","link":"https:\/\/serbenidorm.daliisolutions.com\/index.php\/2024\/03\/22\/las-entradas-para-la-visita-del-barca-al-tm-benidorm-vuelan\/","title":{"rendered":"Las entradas para la visita del Bar\u00e7a al TM Benidorm vuelan"},"content":{"rendered":"  <p>Benidorm<\/p>   <p>Quedan exactamente diez d\u00edas para la fecha que todos los aficionados al balonmano y al deporte en general tienen marcada en rojo en sus calendarios y es que el pr\u00f3ximo d\u00eda 23 de marzo (19:00 horas), el mejor equipo de balonmano del mundo, el Bar\u00e7a, visitar\u00e1 el Palau d\u2019Esports l\u2019Illa de Benidorm con motivo de la disputa de la 22\u00aa jornada de la Liga Asobal para v\u00e9rselas con el <a href=\"https:\/\/cadenaser.com\/tag\/club_balonmano_benidorm\/a\/\" target=\"_blank\" rel=\"noopener\">TM Benidorm<\/a>.<\/p>   <p>El equipo de Sergio Carballeira llega a este choque con la moral por las nubes despu\u00e9s de haber podido arrancar un punto en su visita a la cancha del Bidasoa de Ir\u00fan, segundo en la tabla, y en cuya cancha, al menos hasta el pasado s\u00e1bado, s\u00f3lo el Bar\u00e7a hab\u00eda podido evitar la derrota en esta temporada y, precisamente, por el mismo resultado (26-26) que el obtenido por los benidormenses.<\/p>  <p><p>M\u00e1s informaci\u00f3n<\/p><figure><img decoding=\"async\" src=\"https:\/\/cadenaser.com\/resizer\/tqoV24rtkk3_Y16KXkJqwSc9VAc=\/650x366\/filters:quality(70)\/cloudfront-eu-central-1.images.arcpublishing.com\/prisaradio\/6SSS3K4UNBGLLLBHUKUPS74RUQ.JPG\" loading=\"lazy\" width=\"828\" height=\"621\" \/><\/figure><ul><li><a href=\"https:\/\/cadenaser.com\/tag\/club_balonmano_benidorm\/a\/\">Todas las noticias del TM Benidorm<\/a><\/li><\/ul><\/p>   <p>Ello, sumado a <a href=\"https:\/\/cadenaser.com\/comunitat-valenciana\/2023\/10\/23\/el-tm-benidorm-cae-en-el-palau-blaugrana-a-la-vez-que-recupera-buenas-sensaciones-radio-benidorm\/\" target=\"_blank\" rel=\"noopener\">la muy buena imagen dada en el partido de primera vuelta disputado en el Palau Blaugrana y que acab\u00f3 con un corto marcador de 33-30<\/a>, hacen que, pese a la enorme dificultad del reto, la ilusi\u00f3n est\u00e9 por las nubes entre la afici\u00f3n local, algo que ya se est\u00e1 notando en el ritmo de venta de entradas.<\/p>   <p>Todo aquel que quiera acudir a ese choque contra el Bar\u00e7a deber\u00e1, por lo tanto, darse prisa en adquirir sus tickets, que el Club Balonmano Benidorm ya ha puesto a la venta de manera online (<a href=\"https:\/\/p.berrly.com\/bmbenidorm\/events\/13310\/map\" rel=\"nofollow\">en este enlace<\/a>) con dos precios: 15 euros para la zona de grada alta y 20 euros para la zona de grada baja.<\/p> ","protected":false},"excerpt":{"rendered":"<p>El Club Balonmano Benidorm ya ha puesto a la venta las localidades para el choque de Asobal ante el mejor equipo del mundo<\/p>\n","protected":false},"author":0,"featured_media":3429,"comment_status":"open","ping_status":"open","sticky":false,"template":"","format":"standard","meta":{"_acf_changed":false,"footnotes":""},"categories":[16],"tags":[],"class_list":["post-3428","post","type-post","status-publish","format-standard","has-post-thumbnail","hentry","category-deportes"],"acf":{"ser_id":"LWTFSXUGSVELTMLFDHYD4E5IYU","ser_url":"https:\/\/cadenaser.com\/comunitat-valenciana\/2024\/03\/13\/las-entradas-para-la-visita-del-barca-al-tm-benidorm-vuelan-radio-benidorm\/"},"_links":{"self":[{"href":"https:\/\/serbenidorm.daliisolutions.com\/index.php\/wp-json\/wp\/v2\/posts\/3428","targetHints":{"allow":["GET"]}}],"collection":[{"href":"https:\/\/serbenidorm.daliisolutions.com\/index.php\/wp-json\/wp\/v2\/posts"}],"about":[{"href":"https:\/\/serbenidorm.daliisolutions.com\/index.php\/wp-json\/wp\/v2\/types\/post"}],"replies":[{"embeddable":true,"href":"https:\/\/serbenidorm.daliisolutions.com\/index.php\/wp-json\/wp\/v2\/comments?post=3428"}],"version-history":[{"count":0,"href":"https:\/\/serbenidorm.daliisolutions.com\/index.php\/wp-json\/wp\/v2\/posts\/3428\/revisions"}],"wp:featuredmedia":[{"embeddable":true,"href":"https:\/\/serbenidorm.daliisolutions.com\/index.php\/wp-json\/wp\/v2\/media\/3429"}],"wp:attachment":[{"href":"https:\/\/serbenidorm.daliisolutions.com\/index.php\/wp-json\/wp\/v2\/media?parent=3428"}],"wp:term":[{"taxonomy":"category","embeddable":true,"href":"https:\/\/serbenidorm.daliisolutions.com\/index.php\/wp-json\/wp\/v2\/categories?post=3428"},{"taxonomy":"post_tag","embeddable":true,"href":"https:\/\/serbenidorm.daliisolutions.com\/index.php\/wp-json\/wp\/v2\/tags?post=3428"}],"curies":[{"name":"wp","href":"https:\/\/api.w.org\/{rel}","templated":true}]}}