{"id":3430,"date":"2024-03-22T16:00:20","date_gmt":"2024-03-22T15:00:20","guid":{"rendered":"https:\/\/serbenidorm.daliisolutions.com\/index.php\/2024\/03\/22\/comisiones-obreras-denuncia-la-saturacion-de-las-urgencias-del-hospital-marina-baixa\/"},"modified":"2024-03-22T16:00:20","modified_gmt":"2024-03-22T15:00:20","slug":"comisiones-obreras-denuncia-la-saturacion-de-las-urgencias-del-hospital-marina-baixa","status":"publish","type":"post","link":"https:\/\/serbenidorm.daliisolutions.com\/index.php\/2024\/03\/22\/comisiones-obreras-denuncia-la-saturacion-de-las-urgencias-del-hospital-marina-baixa\/","title":{"rendered":"Comisiones Obreras denuncia la saturaci\u00f3n de las Urgencias del Hospital Marina Baixa"},"content":{"rendered":"  <p>Benidorm<\/p>   <p>La secci\u00f3n sindical de Comisiones Obreras en el Departamento de Salud de Marina Baixa denuncia la saturaci\u00f3n que existe en el servicio de Urgencias del Hospital Marina Baixa. La falta de espacio y el aumento de la presi\u00f3n asistencial ha provocado, aseguran, que llegue a haber medio centenar de personas en urgencias esperando a la asignaci\u00f3n de una cama en planta. <\/p>   <p>Tambi\u00e9n se\u00f1alan que durante esta semana algunas personas usuarias han esperado entre 24 y 48 horas para poder tener habitaci\u00f3n y subir a planta. Esta saturaci\u00f3n se da, ha precisado el delegado de CCOO en el centro Juan Ram\u00f3n Such, porque <a href=\"https:\/\/cadenaser.com\/tag\/hospital_general_marina_baja\/a\/\" target=\"_blank\" rel=\"noopener\">se est\u00e1n atendiendo 270 urgencias diarias de media cuando lo habitual es atender a 180 personas<\/a>.<\/p>   <p>Exigen un plan alternativo para garantizar la calidad del servicio<\/p>   <p>\u00abEn estos momentos el personal del servicio de Urgencias est\u00e1 desbordado\u00bb, advierte Such, que reclama un refuerzo inmediato y critica que la Conselleria de Sanitat no vaya a reforzar la plantilla en Semana Santa, algo que desde el sindicato consideran necesario al tratarse de una zona con gran afluencia tur\u00edstica \u00abcon una infradotaci\u00f3n de personal de manera habitual, lo que va a provocar una disminuci\u00f3n de la calidad asistencial tanto para los usuarios del Departamento como para los visitantes\u00bb.<\/p>   <p>Esta situaci\u00f3n, que no es nueva en el hospital comarcal, coincide con las obras de ampliaci\u00f3n que se est\u00e1n realizando en el mismo. De hecho, hace menos de un mes <a href=\"https:\/\/cadenaser.com\/comunitat-valenciana\/2024\/03\/07\/sanitat-anuncia-un-aumento-de-camas-en-el-proyecto-de-ampliacion-del-hospital-marina-baixa-radio-benidorm\/\" target=\"_blank\" rel=\"noopener\">Sanitat anunci\u00f3 un aumento de camas en el proyecto por la que el centro llegar\u00eda a rozar las 400<\/a>. Actualmente tiene 285.<\/p> ","protected":false},"excerpt":{"rendered":"<p>El sindicato asegura que durante esta semana algunos enfermos han tenido que esperar entre 24 y 48 horas para conseguir habitaci\u00f3n y poder subir a planta<\/p>\n","protected":false},"author":0,"featured_media":3431,"comment_status":"open","ping_status":"open","sticky":false,"template":"","format":"standard","meta":{"_acf_changed":false,"footnotes":""},"categories":[1],"tags":[],"class_list":["post-3430","post","type-post","status-publish","format-standard","has-post-thumbnail","hentry","category-sin-categoria"],"acf":{"ser_id":"QGXMLSFQKBFIRDRELPVD5HBSNU","ser_url":"https:\/\/cadenaser.com\/comunitat-valenciana\/2024\/03\/22\/comisiones-obreras-denuncia-la-saturacion-de-las-urgencias-del-hospital-marina-baixa-radio-benidorm\/"},"_links":{"self":[{"href":"https:\/\/serbenidorm.daliisolutions.com\/index.php\/wp-json\/wp\/v2\/posts\/3430","targetHints":{"allow":["GET"]}}],"collection":[{"href":"https:\/\/serbenidorm.daliisolutions.com\/index.php\/wp-json\/wp\/v2\/posts"}],"about":[{"href":"https:\/\/serbenidorm.daliisolutions.com\/index.php\/wp-json\/wp\/v2\/types\/post"}],"replies":[{"embeddable":true,"href":"https:\/\/serbenidorm.daliisolutions.com\/index.php\/wp-json\/wp\/v2\/comments?post=3430"}],"version-history":[{"count":0,"href":"https:\/\/serbenidorm.daliisolutions.com\/index.php\/wp-json\/wp\/v2\/posts\/3430\/revisions"}],"wp:featuredmedia":[{"embeddable":true,"href":"https:\/\/serbenidorm.daliisolutions.com\/index.php\/wp-json\/wp\/v2\/media\/3431"}],"wp:attachment":[{"href":"https:\/\/serbenidorm.daliisolutions.com\/index.php\/wp-json\/wp\/v2\/media?parent=3430"}],"wp:term":[{"taxonomy":"category","embeddable":true,"href":"https:\/\/serbenidorm.daliisolutions.com\/index.php\/wp-json\/wp\/v2\/categories?post=3430"},{"taxonomy":"post_tag","embeddable":true,"href":"https:\/\/serbenidorm.daliisolutions.com\/index.php\/wp-json\/wp\/v2\/tags?post=3430"}],"curies":[{"name":"wp","href":"https:\/\/api.w.org\/{rel}","templated":true}]}}