{"id":3432,"date":"2024-03-22T16:17:18","date_gmt":"2024-03-22T15:17:18","guid":{"rendered":"https:\/\/serbenidorm.daliisolutions.com\/index.php\/2024\/03\/22\/la-generalitat-cede-a-benidorm-el-emisario-de-terra-mitica-para-construir-una-desaladora\/"},"modified":"2024-03-22T16:17:18","modified_gmt":"2024-03-22T15:17:18","slug":"la-generalitat-cede-a-benidorm-el-emisario-de-terra-mitica-para-construir-una-desaladora","status":"publish","type":"post","link":"https:\/\/serbenidorm.daliisolutions.com\/index.php\/2024\/03\/22\/la-generalitat-cede-a-benidorm-el-emisario-de-terra-mitica-para-construir-una-desaladora\/","title":{"rendered":"La Generalitat cede a Benidorm el emisario de Terra M\u00edtica para construir una desaladora"},"content":{"rendered":"  <p>Benidorm<\/p>   <p>La Generalitat Valenciana ceder\u00e1 al Ayuntamiento de Benidorm el emisario marino ubicado en el Paseo de Tamarindos, en la zona de Poniente, propiedad de la Sociedad Proyectos Tem\u00e1ticos de la Comunitat Valenciana y se construy\u00f3 para dar servicio a la desaladora de Terra M\u00edtica que nunca lleg\u00f3 a funcionar.<\/p>   <p>As\u00ed lo ha confirmado a Hoy por Hoy Benidorm el edil de Ciclo del Agua, Jos\u00e9 Ram\u00f3n Gonz\u00e1lez de Z\u00e1rate, en un programa especial con motivo del <a href=\"https:\/\/cadenaser.com\/emisora\/2021\/10\/20\/radio_benidorm\/1634733566_150080.html\" target=\"_blank\" rel=\"noopener\">D\u00eda Mundial del Agua <\/a>en el que tambi\u00e9n ha participado el gerente de <a href=\"https:\/\/cadenaser.com\/comunitat-valenciana\/2024\/01\/23\/los-hubs-de-innovacion-de-hidraqua-en-la-comunitat-valenciana-presentan-en-fitur-sus-modelos-de-gestion-para-un-turismo-sostenible-radio-benidorm\/\" target=\"_blank\" rel=\"noopener\">Hidraqua, Ciriaco Clemente<\/a>. Seg\u00fan el edil, la Generalitat ya ha redactado el documento de cesi\u00f3n \u201cque a\u00fan no nos ha llegado al Ayuntamiento pero nos consta que ya est\u00e1 hecho\u201d. Adem\u00e1s a\u00f1ade que los informes t\u00e9cnicos necesarios, como la Declaraci\u00f3n de Impacto Ambiental, son favorables.<\/p>   <p>Se trata del primer paso para conseguir el objetivo final que se marca el Ayuntamiento de Benidorm: contar con una desaladora propia que sirva para abastecer, en caso de necesidad, a la Marina Baixa. Tambi\u00e9n cuenta con la autorizaci\u00f3n de la Confederaci\u00f3n Hidrogr\u00e1fica del J\u00facar. El \u00fanico escollo que quedar\u00eda por salvar ser\u00eda la obtenci\u00f3n de financiaci\u00f3n \u201cque la CHJ ya nos ha dicho que no nos lo va a pagar pero ya estamos trabajando en buscar otras v\u00edas para poder hacer esa inversi\u00f3n\u201d, a\u00f1ade el edil.<\/p>   <p>Gonz\u00e1lez de Z\u00e1rate recuerda que Benidorm ya pidi\u00f3 a la Generalitat la cesi\u00f3n del emisario en 2015 pero de forma infructuosa. \u201cNo nos lo dieron y en su d\u00eda la CHJ tempoco nos dio autorizaci\u00f3n para construir la desaladora, pero alegamos y finalmente nos dieron permiso aunque sin financiaci\u00f3n\u201d.<\/p>   <p>El Ayuntamiento cuenta tambi\u00e9n con un anteproyecto \u201cque tendr\u00e1 que adaptarse a las necesidades actuales\u201d que sit\u00faa, como punto de partida, en 16 millones de euros la inversi\u00f3n necesaria para construir una desaladora con capacidad para 4 hm\u00b3. Anteproyecto elaborado, de forma conjunta, por t\u00e9cnicos municipales e <a href=\"https:\/\/cadenaser.com\/comunitat-valenciana\/2023\/12\/04\/benidorm-y-la-marina-baixa-se-unen-a-hidraqua-para-digitalizar-el-ciclo-del-agua-con-fondos-europeos-radio-benidorm\/\" target=\"_blank\" rel=\"noopener\">Hidraqua<\/a>.<\/p>   <p>Hasta la fecha, en caso de necesitar recurrir a agua desalada, Benidorm tiene que cursar una petici\u00f3n, con tres meses de antelaci\u00f3n a la planta desaladora de El Campello, de la que depende La Marina Baixa. \u201cAhora, por fin, podremos contar con esta desaladora propia para la Marina Baixa por que, aunque no la necesitamos,<a href=\"https:\/\/cadenaser.com\/comunitat-valenciana\/2023\/12\/11\/el-consumo-de-agua-y-la-recogida-de-basuras-en-benidorm-ratifican-la-mayor-actividad-turistica-en-el-puente-radio-benidorm\/\" target=\"_blank\" rel=\"noopener\"> queremos poder tener esa infraestructura, por si alguna vez nos hace falta,<\/a> para no tener que depender de la planta de El Campello\u201d, explica.<\/p>   <p>Gonz\u00e1lez de Z\u00e1rate indica que el objetivo final es que la desaladora preste servicios a toda la comarca y sea gestionada por el <a href=\"https:\/\/cadenaser.com\/comunitat-valenciana\/2024\/02\/16\/la-marina-baixa-se-prepara-para-la-sequia-estos-son-los-tres-escenarios-posibles-radio-benidorm\/\" target=\"_blank\" rel=\"noopener\">Consorcio de Aguas de la Marina Baixa.<\/a> \u201cTenemos emisario, permiso de la Confederaci\u00f3n, el anteproyecto y hasta tenemos claro el terreno donde se construir\u00eda. S\u00f3lo nos falta el dinero y podremos licitar, adjudicar e iniciar la obra\u201d, relata.<\/p> ","protected":false},"excerpt":{"rendered":"<p>Hoy por Hoy Benidorm dedica su programa al D\u00eda Mundial del Agua<\/p>\n","protected":false},"author":0,"featured_media":3433,"comment_status":"open","ping_status":"open","sticky":false,"template":"","format":"standard","meta":{"_acf_changed":false,"footnotes":""},"categories":[1],"tags":[],"class_list":["post-3432","post","type-post","status-publish","format-standard","has-post-thumbnail","hentry","category-sin-categoria"],"acf":{"ser_id":"JAC2CZFKF5HXZF6IGUDZQXPIQQ","ser_url":"https:\/\/cadenaser.com\/comunitat-valenciana\/2024\/03\/22\/generalitat-cede-a-benidorm-el-emisario-de-terra-mitica-para-construir-una-desaladora-radio-benidorm\/"},"_links":{"self":[{"href":"https:\/\/serbenidorm.daliisolutions.com\/index.php\/wp-json\/wp\/v2\/posts\/3432","targetHints":{"allow":["GET"]}}],"collection":[{"href":"https:\/\/serbenidorm.daliisolutions.com\/index.php\/wp-json\/wp\/v2\/posts"}],"about":[{"href":"https:\/\/serbenidorm.daliisolutions.com\/index.php\/wp-json\/wp\/v2\/types\/post"}],"replies":[{"embeddable":true,"href":"https:\/\/serbenidorm.daliisolutions.com\/index.php\/wp-json\/wp\/v2\/comments?post=3432"}],"version-history":[{"count":0,"href":"https:\/\/serbenidorm.daliisolutions.com\/index.php\/wp-json\/wp\/v2\/posts\/3432\/revisions"}],"wp:featuredmedia":[{"embeddable":true,"href":"https:\/\/serbenidorm.daliisolutions.com\/index.php\/wp-json\/wp\/v2\/media\/3433"}],"wp:attachment":[{"href":"https:\/\/serbenidorm.daliisolutions.com\/index.php\/wp-json\/wp\/v2\/media?parent=3432"}],"wp:term":[{"taxonomy":"category","embeddable":true,"href":"https:\/\/serbenidorm.daliisolutions.com\/index.php\/wp-json\/wp\/v2\/categories?post=3432"},{"taxonomy":"post_tag","embeddable":true,"href":"https:\/\/serbenidorm.daliisolutions.com\/index.php\/wp-json\/wp\/v2\/tags?post=3432"}],"curies":[{"name":"wp","href":"https:\/\/api.w.org\/{rel}","templated":true}]}}