{"id":3471,"date":"2024-03-24T10:44:21","date_gmt":"2024-03-24T09:44:21","guid":{"rendered":"https:\/\/serbenidorm.daliisolutions.com\/index.php\/2024\/03\/24\/el-tm-benidorm-lleva-al-limite-al-barca\/"},"modified":"2024-03-24T10:44:21","modified_gmt":"2024-03-24T09:44:21","slug":"el-tm-benidorm-lleva-al-limite-al-barca","status":"publish","type":"post","link":"https:\/\/serbenidorm.daliisolutions.com\/index.php\/2024\/03\/24\/el-tm-benidorm-lleva-al-limite-al-barca\/","title":{"rendered":"El TM Benidorm lleva al l\u00edmite al Bar\u00e7a"},"content":{"rendered":"  <p>Benidorm<\/p>   <p>Mediada la segunda mitad, cuando el <a href=\"https:\/\/cadenaser.com\/tag\/club_balonmano_benidorm\/a\/\" target=\"_blank\" rel=\"noopener\">TM Benidorm<\/a> todav\u00eda ten\u00eda al Bar\u00e7a contra las cuerdas en un marcador en el que los de la Ciudad Condal se hab\u00edan ido al descanso perdiendo de un gol (17-16) y en el que en ning\u00fan momento hab\u00edan podido abrir hueco, alg\u00fan que otro periodista ech\u00f3 mano de Google para consultar el dato que, poco a poco, podr\u00eda formar parte del titular del a\u00f1o: el de la fecha exacta de la \u00faltima derrota del Bar\u00e7a.<\/p>   <p>El dominador absoluto de la <a href=\"https:\/\/cadenaser.com\/tag\/liga_asobal\/a\/\" target=\"_blank\" rel=\"noopener\">Liga Asobal<\/a> desde 2010-2011 sufri\u00f3 su \u00faltimo tropiezo en la cancha un 13 de abril de 2018, cuando cay\u00f3 por 28-29 en el Palau Blaugrana ante el Granollers. Desde entonces, s\u00f3lo una alineaci\u00f3n indebida en la temporada 20-21 le ha hecho perder los dos puntos. Y en la noche de este s\u00e1bado, en un Palau d\u2019esports l\u2019Illa de Benidorm repleto y contagiado de la alegr\u00eda de los Panda Azul, esa derrota cul\u00e9 estuvo, quiz\u00e1s, m\u00e1s cerca que nunca.<\/p>   <p>La apuesta del TM Benidorm qued\u00f3 clara desde el primer momento. Sergio Carballeira se mostr\u00f3, quiz\u00e1s este s\u00e1bado m\u00e1s que nunca, como fiel disc\u00edpulo de Fernando Latorre y apost\u00f3 por esa t\u00e1ctica tan del agrado de su predecesor, de vaciar la porter\u00eda en cada ataque. Con Carballeira desatado en la banda y Nacho Valles, otra vez Nacho Valles, liderando al equipo (y a la afici\u00f3n), el TM Benidorm complet\u00f3, sin lugar a dudas, su mejor partido de la presente temporada y, probablemente, de los \u00faltimos a\u00f1os. \u201cSi jugasen as\u00ed cada fin de semana, le ganaban al 99% de los equipos de Asobal y al 50% de Europa\u2026 a todos menos al Bar\u00e7a\u201d, resum\u00eda en conversaci\u00f3n informar un veterano y erudito plumilla mientras tecleaba su cr\u00f3nica.<\/p>  <p><p>M\u00e1s informaci\u00f3n<\/p><figure><img decoding=\"async\" src=\"https:\/\/cadenaser.com\/resizer\/ofreDeKF6wBUGadfOHjFTYo31X8=\/650x366\/filters:quality(70)\/cloudfront-eu-central-1.images.arcpublishing.com\/prisaradio\/HNRTPXNP55BF5BGB4SH6MBCMOM.jpg\" loading=\"lazy\" width=\"828\" height=\"621\" \/><\/figure><ul><li><a href=\"https:\/\/cadenaser.com\/comunitat-valenciana\/2023\/09\/05\/todos-los-partidos-los-horarios-y-los-resultados-del-tm-benidorm-2023-2024-radio-benidorm\/\">Todos los partidos, los horarios y los resultados del TM Benidorm 2023-2024<\/a><\/li><\/ul><\/p>   <p>La primera parte fue, sencillamente, un vendaval local. El Bar\u00e7a, entre el estupor y la incomprensi\u00f3n, no acababa de encontrar la manera de parar a Nacho Valles que, si no encontraba la manera de solventar por el centro, se apoyaba en el extremo de Ramiro Mart\u00ednez para hacer creer a las cerca de 2.000 almas que abarrotaban el Palau.<\/p>   <p>En el otro lado del campo, Witkowski actu\u00f3, una vez m\u00e1s, como \u00faltima barrera de una defensa que, esta vez s\u00ed, funcion\u00f3 a la perfecci\u00f3n. Dura, pero sin caer en la trampa de las inferioridades num\u00e9ricas m\u00e1s de lo estrictamente necesario.<\/p>   <p>Tuvieron que pasar 15 minutos para que el Bar\u00e7a consiguiera ponerse por primera vez por delante en el marcador (9-10). Pero el TM Benidorm, bajo un \u2018s\u00ed se puede\u2019 estremecedor percutiendo desde las 2.000 gargantas de la grada, se crey\u00f3 el mensaje de los suyos y se march\u00f3 al vestuario, tras un penalti en el \u00faltimo segundo transformado por Valles, uno arriba (17-16) y en los corrillos del intermedio no se hablaba de otra cosa: \u2018\u00bfy si s\u00ed?<\/p>  <p><p>M\u00e1s informaci\u00f3n<\/p><figure><img decoding=\"async\" src=\"https:\/\/cadenaser.com\/resizer\/tqoV24rtkk3_Y16KXkJqwSc9VAc=\/650x366\/filters:quality(70)\/cloudfront-eu-central-1.images.arcpublishing.com\/prisaradio\/6SSS3K4UNBGLLLBHUKUPS74RUQ.JPG\" loading=\"lazy\" width=\"828\" height=\"621\" \/><\/figure><ul><li><a href=\"https:\/\/cadenaser.com\/tag\/club_balonmano_benidorm\/a\/\">Todas las noticias del TM Benidorm<\/a><\/li><\/ul><\/p>   <p>El Bar\u00e7a, que estaba sufriendo lo indecible, se encomend\u00f3 en la segunda mitad a Gonzalo P\u00e9rez de Vargas, el portero titular de \u2018Los Hispanos\u2019 y el gran responsable de que el TM Benidorm no escribiera en la noche de este s\u00e1bado una p\u00e1gina de oro en su historia y en la de la Liga Asobal.<\/p>   <p>El toledano se convirti\u00f3 en un muro para un TM Benidorm que, pese a todo, lleg\u00f3 a los diez minutos finales un gol abajo (26-27) y creyendo, por qu\u00e9 no, en el milagro. Carballeira, en la banda, mov\u00eda fichas y en el extremo opuesto de la pista Carlos Ortega no encontraba la manera de parar aquello que se le ven\u00eda encima a su equipo.<\/p>   <p>Pero por robusto que pareciera el TM Benidorm este s\u00e1bado, convertido en un Titanic navegando a toda m\u00e1quina hacia la gloria, a proa, y m\u00e1s si es el Bar\u00e7a el que est\u00e1 ah\u00ed, siempre espera un iceberg imposible de evitar. El conjunto del Palau choc\u00f3 contra \u00e9l en los cinco minutos finales. Una v\u00eda de agua absurda que comenz\u00f3 con dos ataques fallidos y dos r\u00e1pidos (es el riesgo de jugar sin portero) goles visitantes que, en un abrir y cerrar de ojos, rebajaron el mejor premio posible de la victoria al empate.<\/p>   <p>Y, para colmo, cuando un penalti a favor pod\u00eda volver a meter al TM Benidorm en el partido, Nacho Valles, tan perfecto hasta ese momento, err\u00f3 el disparo en un fallo que, adem\u00e1s de en el marcador, cay\u00f3 como una losa sobre la moral del equipo que, en esos cinco minutos finales, recibi\u00f3 un castigo a todas luces excesivo para terminar cayendo por 28-34 en un choque en el que lo justo habr\u00eda sido una diferencia de no m\u00e1s de dos goles para unos u otros.<\/p> ","protected":false},"excerpt":{"rendered":"<p>Los de Sergio Carballeira completaron su mejor partido del a\u00f1o, pero no fue suficiente para superar el l\u00edder<\/p>\n","protected":false},"author":0,"featured_media":3472,"comment_status":"open","ping_status":"open","sticky":false,"template":"","format":"standard","meta":{"_acf_changed":false,"footnotes":""},"categories":[16],"tags":[],"class_list":["post-3471","post","type-post","status-publish","format-standard","has-post-thumbnail","hentry","category-deportes"],"acf":{"ser_id":"LK3LVIZWLFAZ5HRNVQHEKOCLWQ","ser_url":"https:\/\/cadenaser.com\/comunitat-valenciana\/2024\/03\/24\/el-tm-benidorm-lleva-al-limite-al-barca-radio-benidorm\/"},"_links":{"self":[{"href":"https:\/\/serbenidorm.daliisolutions.com\/index.php\/wp-json\/wp\/v2\/posts\/3471","targetHints":{"allow":["GET"]}}],"collection":[{"href":"https:\/\/serbenidorm.daliisolutions.com\/index.php\/wp-json\/wp\/v2\/posts"}],"about":[{"href":"https:\/\/serbenidorm.daliisolutions.com\/index.php\/wp-json\/wp\/v2\/types\/post"}],"replies":[{"embeddable":true,"href":"https:\/\/serbenidorm.daliisolutions.com\/index.php\/wp-json\/wp\/v2\/comments?post=3471"}],"version-history":[{"count":0,"href":"https:\/\/serbenidorm.daliisolutions.com\/index.php\/wp-json\/wp\/v2\/posts\/3471\/revisions"}],"wp:featuredmedia":[{"embeddable":true,"href":"https:\/\/serbenidorm.daliisolutions.com\/index.php\/wp-json\/wp\/v2\/media\/3472"}],"wp:attachment":[{"href":"https:\/\/serbenidorm.daliisolutions.com\/index.php\/wp-json\/wp\/v2\/media?parent=3471"}],"wp:term":[{"taxonomy":"category","embeddable":true,"href":"https:\/\/serbenidorm.daliisolutions.com\/index.php\/wp-json\/wp\/v2\/categories?post=3471"},{"taxonomy":"post_tag","embeddable":true,"href":"https:\/\/serbenidorm.daliisolutions.com\/index.php\/wp-json\/wp\/v2\/tags?post=3471"}],"curies":[{"name":"wp","href":"https:\/\/api.w.org\/{rel}","templated":true}]}}