{"id":3473,"date":"2024-03-24T11:14:53","date_gmt":"2024-03-24T10:14:53","guid":{"rendered":"https:\/\/serbenidorm.daliisolutions.com\/index.php\/2024\/03\/24\/los-clubes-de-voley-de-finestrat-y-elche-renuevan-su-convenio-de-hermanamiento\/"},"modified":"2024-03-24T11:14:53","modified_gmt":"2024-03-24T10:14:53","slug":"los-clubes-de-voley-de-finestrat-y-elche-renuevan-su-convenio-de-hermanamiento","status":"publish","type":"post","link":"https:\/\/serbenidorm.daliisolutions.com\/index.php\/2024\/03\/24\/los-clubes-de-voley-de-finestrat-y-elche-renuevan-su-convenio-de-hermanamiento\/","title":{"rendered":"Los clubes de v\u00f3ley de Finestrat y Elche renuevan su convenio de \u2018hermanamiento\u2019"},"content":{"rendered":"  <p>Benidorm<\/p>   <p>El Club Voleibol Finestrat y el Club Voleibol Elche han renovado su acuerdo de colaboraci\u00f3n hasta la temporada 2025-2026. Si bien la parte m\u00e1s visible de este acuerdo, por la categor\u00eda en la que juega el equipo, es la denominaci\u00f3n oficial del conjunto de Superliga 2 femenina, Medsur Finestrat-Elche; la parte fundamental de este \u2018hermanamiento\u2019 afecta de manera directa a la base, que son las categor\u00edas que m\u00e1s se benefician de este trabajo conjunto entre dos de las entidades m\u00e1s potentes del voleibol provincial.<\/p>   <p>La renovaci\u00f3n de este acuerdo se ha conocido despu\u00e9s de que el propio Club Voleibol Finestrat lo haya confirmado en un comunicado a trav\u00e9s de sus redes sociales. En ese escrito, los responsables del club finestratense han se\u00f1alado los \u201cexcelentes resultados de la campa\u00f1a anterior y la actual\u201d como el principal motivo por el que las dos entidades han valorado que \u201ceste convenio sigue m\u00e1s fuerte que nunca\u201d.<\/p>   <p>As\u00ed las cosas, el convenio, que se extender\u00e1 por otros dos a\u00f1os m\u00e1s, permitir\u00e1 \u201cque las j\u00f3venes jugadoras de Elche y de Finestrat unan lazos para volver a ser el equipo m\u00e1s competitivo las pr\u00f3ximas temporadas en las competiciones Juvenil y J\u00fanior\u201d.<\/p>   <p>As\u00ed mismo, han recordado que \u201ceste a\u00f1o, adem\u00e1s de varios debuts en Superliga 2, el equipo Juvenil ya est\u00e1 clasificado para la final auton\u00f3mica al igual que el equipo J\u00fanior\u201d. As\u00ed las cosas, \u201cla fusi\u00f3n Elche-Finestrat consigue que seamos ser el \u00fanico club de la Comunitat Valenciana con equipo en Superliga 2 y que ha clasificado a equipos Juvenil y J\u00fanior para la fase final auton\u00f3mica\u201d.<\/p> ","protected":false},"excerpt":{"rendered":"<p>El acuerdo afecta de manera muy especial a los equipos de base<\/p>\n","protected":false},"author":0,"featured_media":3474,"comment_status":"open","ping_status":"open","sticky":false,"template":"","format":"standard","meta":{"_acf_changed":false,"footnotes":""},"categories":[16],"tags":[],"class_list":["post-3473","post","type-post","status-publish","format-standard","has-post-thumbnail","hentry","category-deportes"],"acf":{"ser_id":"RNG4MGSPNVAJ3MCR76MI6UBHZ4","ser_url":"https:\/\/cadenaser.com\/comunitat-valenciana\/2024\/03\/24\/los-clubes-de-voley-de-finestrat-y-elche-renuevan-su-convenio-de-hermanamiento-radio-benidorm\/"},"_links":{"self":[{"href":"https:\/\/serbenidorm.daliisolutions.com\/index.php\/wp-json\/wp\/v2\/posts\/3473","targetHints":{"allow":["GET"]}}],"collection":[{"href":"https:\/\/serbenidorm.daliisolutions.com\/index.php\/wp-json\/wp\/v2\/posts"}],"about":[{"href":"https:\/\/serbenidorm.daliisolutions.com\/index.php\/wp-json\/wp\/v2\/types\/post"}],"replies":[{"embeddable":true,"href":"https:\/\/serbenidorm.daliisolutions.com\/index.php\/wp-json\/wp\/v2\/comments?post=3473"}],"version-history":[{"count":0,"href":"https:\/\/serbenidorm.daliisolutions.com\/index.php\/wp-json\/wp\/v2\/posts\/3473\/revisions"}],"wp:featuredmedia":[{"embeddable":true,"href":"https:\/\/serbenidorm.daliisolutions.com\/index.php\/wp-json\/wp\/v2\/media\/3474"}],"wp:attachment":[{"href":"https:\/\/serbenidorm.daliisolutions.com\/index.php\/wp-json\/wp\/v2\/media?parent=3473"}],"wp:term":[{"taxonomy":"category","embeddable":true,"href":"https:\/\/serbenidorm.daliisolutions.com\/index.php\/wp-json\/wp\/v2\/categories?post=3473"},{"taxonomy":"post_tag","embeddable":true,"href":"https:\/\/serbenidorm.daliisolutions.com\/index.php\/wp-json\/wp\/v2\/tags?post=3473"}],"curies":[{"name":"wp","href":"https:\/\/api.w.org\/{rel}","templated":true}]}}