{"id":3476,"date":"2024-03-24T15:00:39","date_gmt":"2024-03-24T14:00:39","guid":{"rendered":"https:\/\/serbenidorm.daliisolutions.com\/index.php\/2024\/03\/24\/detenido-en-benidorm-un-fugitivo-buscado-por-italia-por-trafico-de-drogas\/"},"modified":"2024-03-24T15:00:39","modified_gmt":"2024-03-24T14:00:39","slug":"detenido-en-benidorm-un-fugitivo-buscado-por-italia-por-trafico-de-drogas","status":"publish","type":"post","link":"https:\/\/serbenidorm.daliisolutions.com\/index.php\/2024\/03\/24\/detenido-en-benidorm-un-fugitivo-buscado-por-italia-por-trafico-de-drogas\/","title":{"rendered":"Detenido en Benidorm un fugitivo buscado por Italia por tr\u00e1fico de drogas"},"content":{"rendered":"  <p>Alicante<\/p>   <p>Agentes de la Polic\u00eda Nacional han detenido en la localidad de Benidorm a un hombre sobre el que constaba una Orden Europea de Detenci\u00f3n para Extradici\u00f3n (OEDE) dictada por las autoridades de Italia por un delito de tr\u00e1fico de drogas.<\/p>   <p>La detenci\u00f3n se produjo por agentes de Seguridad Ciudadana de la Comisar\u00eda de Benidorm cuando el hombre acudi\u00f3 a las oficinas de expedici\u00f3n de DNI, Pasaporte y Tarjeta de identidad de extranjero (TIE) de la Polic\u00eda Nacional en esa localidad a realizar unos tr\u00e1mites sobre su documentaci\u00f3n, han informado fuentes policiales.<\/p>   <p>Cuando los agentes consultaron su filiaci\u00f3n en las bases de datos de la Polic\u00eda Nacional, comprobaron que sobre esta persona pesaba una Orden Europea de Detenci\u00f3n para Extradici\u00f3n emitida por las autoridades italianas por un delito de tr\u00e1fico de drogas.<\/p>   <p>Los hechos que se le imputan fueron cometidos en el a\u00f1o 2021 en la localidad de Varese (Italia).<\/p>   <p>El condenado era integrante de una organizaci\u00f3n delictiva especializada en cometer delitos relacionados con el tr\u00e1fico de drogas, dedic\u00e1ndose a la posesi\u00f3n y venta de diferentes cantidades de sustancias estupefacientes como coca\u00edna, hero\u00edna y hach\u00eds.<\/p>   <p>El arrestado, que se encontraba huido de la Justicia italiana, era buscado por las autoridades de ese pa\u00eds por un delito de tr\u00e1fico de drogas, del cual fue condenado a una pena m\u00e1xima de prisi\u00f3n de 20 a\u00f1os.<\/p>   <p>El arrestado, de 25 a\u00f1os y nacionalidad marroqu\u00ed, fue puesto a disposici\u00f3n del Juzgado Central de Instrucci\u00f3n de la Audiencia Nacional, \u00f3rgano encargado de realizar los tr\u00e1mites para su posterior extradici\u00f3n.<\/p> ","protected":false},"excerpt":{"rendered":"<p>El condenado era integrante de una organizaci\u00f3n delictiva especializada en cometer delitos relacionados con el tr\u00e1fico de drogas, dedic\u00e1ndose a la posesi\u00f3n y venta de diferentes cantidades de sustancias estupefacientes como coca\u00edna, hero\u00edna y hach\u00eds<\/p>\n","protected":false},"author":0,"featured_media":3477,"comment_status":"open","ping_status":"open","sticky":false,"template":"","format":"standard","meta":{"_acf_changed":false,"footnotes":""},"categories":[1],"tags":[],"class_list":["post-3476","post","type-post","status-publish","format-standard","has-post-thumbnail","hentry","category-sin-categoria"],"acf":{"ser_id":"UUN2EFBRDRB3NMP4R2IN7Q4DEE","ser_url":"https:\/\/cadenaser.com\/comunitat-valenciana\/2024\/03\/24\/detenido-en-benidorm-un-fugitivo-buscado-por-italia-por-trafico-de-drogas-radio-alicante\/"},"_links":{"self":[{"href":"https:\/\/serbenidorm.daliisolutions.com\/index.php\/wp-json\/wp\/v2\/posts\/3476","targetHints":{"allow":["GET"]}}],"collection":[{"href":"https:\/\/serbenidorm.daliisolutions.com\/index.php\/wp-json\/wp\/v2\/posts"}],"about":[{"href":"https:\/\/serbenidorm.daliisolutions.com\/index.php\/wp-json\/wp\/v2\/types\/post"}],"replies":[{"embeddable":true,"href":"https:\/\/serbenidorm.daliisolutions.com\/index.php\/wp-json\/wp\/v2\/comments?post=3476"}],"version-history":[{"count":0,"href":"https:\/\/serbenidorm.daliisolutions.com\/index.php\/wp-json\/wp\/v2\/posts\/3476\/revisions"}],"wp:featuredmedia":[{"embeddable":true,"href":"https:\/\/serbenidorm.daliisolutions.com\/index.php\/wp-json\/wp\/v2\/media\/3477"}],"wp:attachment":[{"href":"https:\/\/serbenidorm.daliisolutions.com\/index.php\/wp-json\/wp\/v2\/media?parent=3476"}],"wp:term":[{"taxonomy":"category","embeddable":true,"href":"https:\/\/serbenidorm.daliisolutions.com\/index.php\/wp-json\/wp\/v2\/categories?post=3476"},{"taxonomy":"post_tag","embeddable":true,"href":"https:\/\/serbenidorm.daliisolutions.com\/index.php\/wp-json\/wp\/v2\/tags?post=3476"}],"curies":[{"name":"wp","href":"https:\/\/api.w.org\/{rel}","templated":true}]}}