{"id":348,"date":"2023-12-04T11:35:02","date_gmt":"2023-12-04T10:35:02","guid":{"rendered":"https:\/\/serbenidorm.daliisolutions.com\/index.php\/2023\/12\/04\/los-precios-de-la-vivienda-se-disparan-en-la-nucia-y-lalfas-del-pi\/"},"modified":"2023-12-04T11:35:02","modified_gmt":"2023-12-04T10:35:02","slug":"los-precios-de-la-vivienda-se-disparan-en-la-nucia-y-lalfas-del-pi","status":"publish","type":"post","link":"https:\/\/serbenidorm.daliisolutions.com\/index.php\/2023\/12\/04\/los-precios-de-la-vivienda-se-disparan-en-la-nucia-y-lalfas-del-pi\/","title":{"rendered":"Los precios de la vivienda se disparan en La Nuc\u00eda y l&#x27;Alf\u00e0s del Pi"},"content":{"rendered":" Benidorm  La vivienda, por las nubes. <a href=\"https:\/\/cadenaser.com\/tag\/la_nucia\/a\/\" target=\"_blank\" rel=\"noopener\">La Nuc\u00eda<\/a> y<a href=\"https:\/\/cadenaser.com\/tag\/lalfas_del_pi\/a\/\" target=\"_blank\" rel=\"noopener\"> l\u2019Alf\u00e0s del Pi<\/a> son dos de los once municipios de toda la Comunitat Valenciana donde m\u00e1s sube el precio interanual de la vivienda de segunda mano seg\u00fan el \u00faltimo informe inmobiliario publicado por el portal <i>online <\/i>Fotocasa.  Comprar una vivienda en La Nucia ahora es un 22,4 % m\u00e1s caro que en noviembre del a\u00f1o pasado y en L&#8217;Alf\u00e0s del Pi un 22,1 % m\u00e1s. Este aumento de los dos municipios de la Marina Baixa solo se ha visto superado por San Miguel de Salinas con 40,8 %, Tavernes Blanques con 30,6 %, Rafelbu\u00f1ol con 30,5 %, Alfafar con 25,8 %, Alboraya con 25,3%, Paiporta con 25,2 % y Quart de Poblet con 25,0 %  <figure><img decoding=\"async\" src=\"https:\/\/cadenaser.com\/resizer\/79HseYF-JzGAo3KA-UdL6UvVdnM=\/650x366\/filters:quality(70)\/cloudfront-eu-central-1.images.arcpublishing.com\/prisaradio\/SNH6OMPXTVC2ZDDBUJJW4BTK5Y.PNG\" loading=\"lazy\" width=\"240\" height=\"135\" \/><\/figure><div><a href=\"https:\/\/cadenaser.com\/nacional\/2023\/08\/18\/estas-son-las-diez-calles-mas-caras-para-comprar-una-vivienda-en-espana-cadena-ser\/\">Un chalet en Altea es la casa m\u00e1s cara de la Comunitat en Idealista<\/a><p><\/p><\/div>  En cuanto al precio por metro cuadrado en noviembre, vemos que el orden de las ciudades m\u00e1s caras es: Calpe con 3.490 euros\/m2, L&#8217;Alf\u00e0s del Pi con 3.477 euros\/m2, Alboraya con 3.212 euros\/m2, Benidorm con 3.016 euros\/m2, Altea con 2.996 euros\/m2, J\u00e1vea con 2.790 euros\/m2, Finestrat con 2.778 euros\/m2, D\u00e9nia con 2.689 euros\/m2, El Campello con 2.547 euros\/m2 y Valencia capital con 2.540 euros\/m2.  Hace un a\u00f1o comprar una vivienda costaba menos en las tres capitales de provincia y en nueve de cada diez ciudades analizadas en la Comunitat, seg\u00fan este mismo estudio.  <div class=\"hd\"><p>Radio Benidorm<\/p><\/div><div class=\"lst lst-s\"><ul><li><div id=\"player-cadenaser_benidorm_hoyporhoymatinalbenidorm_20231204_082000_083000\" class=\"c-pl-a\"><button class=\"bt-pp\" data-audioid=\"cadenaser_benidorm_hoyporhoymatinalbenidorm_20231204_082000_083000\" data-type=\"aod\">Play<\/button><\/div><p title=\"Hoy por Hoy matinal Benidorm 8:20 (04\/12\/2023)\"><span>Hoy por Hoy matinal Benidorm 8:20 (04\/12\/2023)<\/span><span>10:00<!-- -->\u00a0|\u00a0<!-- -->Hoy por Hoy matinal Benidorm<\/span><\/p><\/li><li><div id=\"player-cadenaser_benidorm_hoyporhoymatinalbenidorm_20231204_072000_073000\" class=\"c-pl-a\"><button class=\"bt-pp\" data-audioid=\"cadenaser_benidorm_hoyporhoymatinalbenidorm_20231204_072000_073000\" data-type=\"aod\">Play<\/button><\/div><p title=\"Hoy por Hoy matinal Benidorm 7:20 (04\/12\/2023)\"><span>Hoy por Hoy matinal Benidorm 7:20 (04\/12\/2023)<\/span><span>10:00<!-- -->\u00a0|\u00a0<!-- -->Hoy por Hoy matinal Benidorm<\/span><\/p><\/li><li><div id=\"player-cadenaser_benidorm_laventanadelamarinabaixa_20231201_192000_194000\" class=\"c-pl-a\"><button class=\"bt-pp\" data-audioid=\"cadenaser_benidorm_laventanadelamarinabaixa_20231201_192000_194000\" data-type=\"aod\">Play<\/button><\/div><p title=\"La Ventana de la Marina Baixa (01\/12\/2023)\"><span>La Ventana de la Marina Baixa (01\/12\/2023)<\/span><span>20:00<!-- -->\u00a0|\u00a0<!-- -->La Ventana de la Marina Baixa<\/span><\/p><\/li><li><div id=\"player-cadenaser_benidorm_serdeportivosbenidorm_20231201_152000_160000\" class=\"c-pl-a\"><button class=\"bt-pp\" data-audioid=\"cadenaser_benidorm_serdeportivosbenidorm_20231201_152000_160000\" data-type=\"aod\">Play<\/button><\/div><p title=\"SER Deportivos Benidorm (01\/12\/2023)\"><span>SER Deportivos Benidorm (01\/12\/2023)<\/span><span>40:00<!-- -->\u00a0|\u00a0<!-- -->SER Deportivos Benidorm<\/span><\/p><\/li><li><div id=\"player-cadenaser_benidorm_hora14benidorm_20231201_141700_143000\" class=\"c-pl-a\"><button class=\"bt-pp\" data-audioid=\"cadenaser_benidorm_hora14benidorm_20231201_141700_143000\" data-type=\"aod\">Play<\/button><\/div><p title=\"Hora 14 Benidorm (01\/12\/2023)\"><span>Hora 14 Benidorm (01\/12\/2023)<\/span><span>13:00<!-- -->\u00a0|\u00a0<!-- -->Hora 14 Benidorm<\/span><\/p><\/li><li><div id=\"player-cadenaser_benidorm_hoyporhoybenidorm_20231201_122000_140000\" class=\"c-pl-a\"><button class=\"bt-pp\" data-audioid=\"cadenaser_benidorm_hoyporhoybenidorm_20231201_122000_140000\" data-type=\"aod\">Play<\/button><\/div><p title=\"Hoy por Hoy Benidorm (01\/12\/2023)\"><span>Hoy por Hoy Benidorm (01\/12\/2023)<\/span><span>01:40:00<!-- -->\u00a0|\u00a0<!-- -->Hoy por Hoy Benidorm<\/span><\/p><\/li><li><div id=\"player-1701434745979\" class=\"c-pl-a\"><button class=\"bt-pp\" data-audioid=\"1701434745979\" data-type=\"aod\">Play<\/button><\/div><p title=\"&quot;Derecho a so\u00f1ar&quot;, el documental de dos j\u00f3venes de Finestrat en los campamentos de refugiados en Turqu\u00eda\"><span>&quot;Derecho a so\u00f1ar&quot;, el documental de dos j\u00f3venes de Finestrat en los campamentos de refugiados en Turqu\u00eda<\/span><span>10:07<!-- -->\u00a0|\u00a0<!-- -->La Ventana de la Marina Baixa<\/span><\/p><\/li><li><div id=\"player-1701431911158\" class=\"c-pl-a\"><button class=\"bt-pp\" data-audioid=\"1701431911158\" data-type=\"aod\">Play<\/button><\/div><p title=\"Lucho P\u00e9rez nos cuenta los &quot;Planazos de Visit Benidorm&quot; para este fin de semana\"><span>Lucho P\u00e9rez nos cuenta los &quot;Planazos de Visit Benidorm&quot; para este fin de semana<\/span><span>10:15<!-- -->\u00a0|\u00a0<!-- -->Hoy por Hoy Benidorm<\/span><\/p><\/li><li><div id=\"player-1701431411415\" class=\"c-pl-a\"><button class=\"bt-pp\" data-audioid=\"1701431411415\" data-type=\"aod\">Play<\/button><\/div><p title=\"Benidorm finaliza la colocaci\u00f3n de la red de agua reutilizada en la Avenida Beniard\u00e0\"><span>Benidorm finaliza la colocaci\u00f3n de la red de agua reutilizada en la Avenida Beniard\u00e0<\/span><span>32:07<!-- -->\u00a0|\u00a0<!-- -->Hoy por Hoy Benidorm<\/span><\/p><\/li><li><div id=\"player-cadenaser_benidorm_hoyporhoymatinalbenidorm_20231201_082000_083000\" class=\"c-pl-a\"><button class=\"bt-pp\" data-audioid=\"cadenaser_benidorm_hoyporhoymatinalbenidorm_20231201_082000_083000\" data-type=\"aod\">Play<\/button><\/div><p title=\"Hoy por Hoy matinal Benidorm 8:20 (01\/12\/2023)\"><span>Hoy por Hoy matinal Benidorm 8:20 (01\/12\/2023)<\/span><span>10:00<!-- -->\u00a0|\u00a0<!-- -->Hoy por Hoy matinal Benidorm<\/span><\/p><\/li><li><div id=\"player-cadenaser_benidorm_hoyporhoymatinalbenidorm_20231201_072000_073000\" class=\"c-pl-a\"><button class=\"bt-pp\" data-audioid=\"cadenaser_benidorm_hoyporhoymatinalbenidorm_20231201_072000_073000\" data-type=\"aod\">Play<\/button><\/div><p title=\"Hoy por Hoy matinal Benidorm 7:20 (01\/12\/2023)\"><span>Hoy por Hoy matinal Benidorm 7:20 (01\/12\/2023)<\/span><span>10:00<!-- -->\u00a0|\u00a0<!-- -->Hoy por Hoy matinal Benidorm<\/span><\/p><\/li><li><div id=\"player-cadenaser_benidorm_laventanadelamarinabaixa_20231130_192000_194000\" class=\"c-pl-a\"><button class=\"bt-pp\" data-audioid=\"cadenaser_benidorm_laventanadelamarinabaixa_20231130_192000_194000\" data-type=\"aod\">Play<\/button><\/div><p title=\"La Ventana de la Marina Baixa (30\/11\/2023)\"><span>La Ventana de la Marina Baixa (30\/11\/2023)<\/span><span>20:00<!-- -->\u00a0|\u00a0<!-- -->La Ventana de la Marina Baixa<\/span><\/p><\/li><li><div id=\"player-cadenaser_benidorm_serdeportivosbenidorm_20231130_152000_160000\" class=\"c-pl-a\"><button class=\"bt-pp\" data-audioid=\"cadenaser_benidorm_serdeportivosbenidorm_20231130_152000_160000\" data-type=\"aod\">Play<\/button><\/div><p title=\"SER Deportivos Benidorm (30\/11\/2023)\"><span>SER Deportivos Benidorm (30\/11\/2023)<\/span><span>40:00<!-- -->\u00a0|\u00a0<!-- -->SER Deportivos Benidorm<\/span><\/p><\/li><li><div id=\"player-1701352892410\" class=\"c-pl-a\"><button class=\"bt-pp\" data-audioid=\"1701352892410\" data-type=\"aod\">Play<\/button><\/div><p title=\"Michelle Baker nos habla de c\u00f3mo vive la Navidad la comunidad brit\u00e1nica en Benidorm\"><span>Michelle Baker nos habla de c\u00f3mo vive la Navidad la comunidad brit\u00e1nica en Benidorm<\/span><span>21:01<!-- -->\u00a0|\u00a0<!-- -->Hoy por Hoy Benidorm<\/span><\/p><\/li><li><div id=\"player-1701352374795\" class=\"c-pl-a\"><button class=\"bt-pp\" data-audioid=\"1701352374795\" data-type=\"aod\">Play<\/button><\/div><p title=\"El leon\u00e9s afincado en Benidorm, Juan D\u00edaz, presenta su novela &quot;El robo de los c\u00e1lices de Cristo&quot;\"><span>El leon\u00e9s afincado en Benidorm, Juan D\u00edaz, presenta su novela &quot;El robo de los c\u00e1lices de Cristo&quot;<\/span><span>16:50<!-- -->\u00a0|\u00a0<!-- -->Hoy por Hoy Benidorm<\/span><\/p><\/li><\/ul><\/div> ","protected":false},"excerpt":{"rendered":"<p>Seg\u00fan Fotocasa suben m\u00e1s de un 20 % en ambas localidades<\/p>\n","protected":false},"author":0,"featured_media":349,"comment_status":"open","ping_status":"open","sticky":false,"template":"","format":"standard","meta":{"_acf_changed":false,"footnotes":""},"categories":[1],"tags":[],"class_list":["post-348","post","type-post","status-publish","format-standard","has-post-thumbnail","hentry","category-sin-categoria"],"acf":{"ser_id":"RVQY4NFDJRFDLAQIJCETZ276ZU","ser_url":""},"_links":{"self":[{"href":"https:\/\/serbenidorm.daliisolutions.com\/index.php\/wp-json\/wp\/v2\/posts\/348","targetHints":{"allow":["GET"]}}],"collection":[{"href":"https:\/\/serbenidorm.daliisolutions.com\/index.php\/wp-json\/wp\/v2\/posts"}],"about":[{"href":"https:\/\/serbenidorm.daliisolutions.com\/index.php\/wp-json\/wp\/v2\/types\/post"}],"replies":[{"embeddable":true,"href":"https:\/\/serbenidorm.daliisolutions.com\/index.php\/wp-json\/wp\/v2\/comments?post=348"}],"version-history":[{"count":0,"href":"https:\/\/serbenidorm.daliisolutions.com\/index.php\/wp-json\/wp\/v2\/posts\/348\/revisions"}],"wp:featuredmedia":[{"embeddable":true,"href":"https:\/\/serbenidorm.daliisolutions.com\/index.php\/wp-json\/wp\/v2\/media\/349"}],"wp:attachment":[{"href":"https:\/\/serbenidorm.daliisolutions.com\/index.php\/wp-json\/wp\/v2\/media?parent=348"}],"wp:term":[{"taxonomy":"category","embeddable":true,"href":"https:\/\/serbenidorm.daliisolutions.com\/index.php\/wp-json\/wp\/v2\/categories?post=348"},{"taxonomy":"post_tag","embeddable":true,"href":"https:\/\/serbenidorm.daliisolutions.com\/index.php\/wp-json\/wp\/v2\/tags?post=348"}],"curies":[{"name":"wp","href":"https:\/\/api.w.org\/{rel}","templated":true}]}}