{"id":3486,"date":"2024-03-25T07:12:59","date_gmt":"2024-03-25T06:12:59","guid":{"rendered":"https:\/\/serbenidorm.daliisolutions.com\/index.php\/2024\/03\/25\/el-benidorm-no-tiene-prisa-y-pospone-el-ascenso\/"},"modified":"2024-03-25T07:12:59","modified_gmt":"2024-03-25T06:12:59","slug":"el-benidorm-no-tiene-prisa-y-pospone-el-ascenso","status":"publish","type":"post","link":"https:\/\/serbenidorm.daliisolutions.com\/index.php\/2024\/03\/25\/el-benidorm-no-tiene-prisa-y-pospone-el-ascenso\/","title":{"rendered":"El Benidorm no tiene prisa y pospone el ascenso"},"content":{"rendered":"  <p>Benidorm<\/p>   <p>Nadie pudo salir este domingo plenamente contento del estadio Enrique Miralles de Crevillent, donde el Benidorm, l\u00edder de la clasificaci\u00f3n, y el Crevillent Deportivo, segundo, solventaron su enfrentamiento directo con empate a un gol. Y nadie puede estar satisfecho porque ni el Benidorm consigui\u00f3 su principal objetivo, amarrar de forma casi definitiva el ascenso directo, ni el Crevillent pudo acortar distancias para seguir so\u00f1ando con ese casi imposible logro de dar caza al l\u00edder.<\/p>   <p>El partido comenz\u00f3 bien para los intereses del once de la capital tur\u00edstica, que dominaba el encuentro y que, gracias a un gol de Morgado en el minuto 22, encarrilaba el partido subiendo el 0-1 al marcador con el que se llegar\u00eda al descanso.<\/p>   <p>Sin embargo, el Crevillent Deportivo no baj\u00f3 los brazos y sigui\u00f3 insistiendo en su presi\u00f3n sobre la porter\u00eda contraria para, a poco m\u00e1s de diez minutos para el final, colocar el 1-1 definitivo gracias al tanto de Guille.<\/p>   <p>Tras este reparto de puntos, el Benidorm sigue comandando la tabla con 14 puntos de ventaja sobre el Crevillent Deportivo (con un partido menos) cuando ya s\u00f3lo restan 24 por disputarse.<\/p>   <p><b>La Nuc\u00eda, matem\u00e1ticamente descendido<\/b><\/p>   <p>Por su parte, en la Segunda RFEF La Nuc\u00eda sum\u00f3 su 17\u00aa derrota de la temporada y ya es, matem\u00e1ticamente, equipo descendido. Lo de este domingo s\u00f3lo fue uno m\u00e1s de los muchos cap\u00edtulos de su paup\u00e9rrima temporada, como qued\u00f3 demostrado tras la derrota por 0-6 en el Estadi Ol\u00edmpic Camilo Cano ante el Val\u00e8ncia-Mestalla.<\/p>   <p>Tras este nuevo tropiezo, el equipo rojillo pierde cualquier opci\u00f3n matem\u00e1tica de salvar la categor\u00eda ya que se queda a 19 puntos de la salvaci\u00f3n directa cuando s\u00f3lo restan 18 puntos por disputarse.<\/p> ","protected":false},"excerpt":{"rendered":"<p>Los de Miguel \u00c1ngel Mart\u00ednez empataron a un gol en su visita al segundo clasificado<\/p>\n","protected":false},"author":0,"featured_media":3487,"comment_status":"open","ping_status":"open","sticky":false,"template":"","format":"standard","meta":{"_acf_changed":false,"footnotes":""},"categories":[16],"tags":[],"class_list":["post-3486","post","type-post","status-publish","format-standard","has-post-thumbnail","hentry","category-deportes"],"acf":{"ser_id":"Z5DEJPCEU5EMHNU7OVWBVAIFCU","ser_url":"https:\/\/cadenaser.com\/comunitat-valenciana\/2024\/03\/24\/el-benidorm-no-tiene-prisa-y-pospone-el-ascenso-radio-benidorm\/"},"_links":{"self":[{"href":"https:\/\/serbenidorm.daliisolutions.com\/index.php\/wp-json\/wp\/v2\/posts\/3486","targetHints":{"allow":["GET"]}}],"collection":[{"href":"https:\/\/serbenidorm.daliisolutions.com\/index.php\/wp-json\/wp\/v2\/posts"}],"about":[{"href":"https:\/\/serbenidorm.daliisolutions.com\/index.php\/wp-json\/wp\/v2\/types\/post"}],"replies":[{"embeddable":true,"href":"https:\/\/serbenidorm.daliisolutions.com\/index.php\/wp-json\/wp\/v2\/comments?post=3486"}],"version-history":[{"count":0,"href":"https:\/\/serbenidorm.daliisolutions.com\/index.php\/wp-json\/wp\/v2\/posts\/3486\/revisions"}],"wp:featuredmedia":[{"embeddable":true,"href":"https:\/\/serbenidorm.daliisolutions.com\/index.php\/wp-json\/wp\/v2\/media\/3487"}],"wp:attachment":[{"href":"https:\/\/serbenidorm.daliisolutions.com\/index.php\/wp-json\/wp\/v2\/media?parent=3486"}],"wp:term":[{"taxonomy":"category","embeddable":true,"href":"https:\/\/serbenidorm.daliisolutions.com\/index.php\/wp-json\/wp\/v2\/categories?post=3486"},{"taxonomy":"post_tag","embeddable":true,"href":"https:\/\/serbenidorm.daliisolutions.com\/index.php\/wp-json\/wp\/v2\/tags?post=3486"}],"curies":[{"name":"wp","href":"https:\/\/api.w.org\/{rel}","templated":true}]}}