{"id":3488,"date":"2024-03-25T07:13:00","date_gmt":"2024-03-25T06:13:00","guid":{"rendered":"https:\/\/serbenidorm.daliisolutions.com\/index.php\/2024\/03\/25\/el-sant-cugat-termina-con-la-imbatibilidad-del-huesitos-la-vila-en-el-pantano\/"},"modified":"2024-03-25T07:13:00","modified_gmt":"2024-03-25T06:13:00","slug":"el-sant-cugat-termina-con-la-imbatibilidad-del-huesitos-la-vila-en-el-pantano","status":"publish","type":"post","link":"https:\/\/serbenidorm.daliisolutions.com\/index.php\/2024\/03\/25\/el-sant-cugat-termina-con-la-imbatibilidad-del-huesitos-la-vila-en-el-pantano\/","title":{"rendered":"El Sant Cugat termina con la imbatibilidad del Huesitos-La Vila en El Pantano"},"content":{"rendered":"  <p>Benidorm<\/p>   <p>El Huesitos-La Vila sufri\u00f3 este domingo su primera derrota de la temporada como local ante el Sant Cugat en un partido en el que, de haber conseguido el triunfo, podr\u00edan haber amarrado de manera casi definitiva su pase a una fase de ascenso de la que ahora se han quedado temporalmente fuera, pero que sigue estando a su alcance.<\/p>   <p>Fue, el de este fin de semana, un partido en el que el Huesitos-La Vila fue de m\u00e1s a menos o, si se prefiere, de menos a todav\u00eda menos. El caso es que el resultado en la primera parte no hac\u00eda suponer el marcador final, pues al descanso el Huesitos-La Vila perd\u00eda por 7\u201312, con un ensayo para cada equipo por una conversi\u00f3n extra para los vileros y dos patadas de castigo para Sant Cugat.<\/p>   <p>La segunda parte, adem\u00e1s, tambi\u00e9n empez\u00f3 pareja con un ensayo y conversi\u00f3n de los catalanes por otro ensayo de Tomi un minuto despu\u00e9s. Sin embargo, a partir de ah\u00ed, empezaron uno tras otro los ensayos y extras del Sant Cugat para ir abriendo brecha en el electr\u00f3nico y minar la moral de los de casa, que se ve\u00edan impotentes pese a estar d\u00e1ndolo todo en la cancha.<\/p>   <p>Tras el abultad\u00edsimo 12-46 final, el Huesitos-La Vila baja un puesto en la clasificaci\u00f3n, qued\u00e1ndose por el momento quinto y, con ello, fuera de la zona de ascenso. Pese a ello, todo puede todav\u00eda suceder ya que s\u00f3lo seis puntos separan a los vileros del segundo clasificado, el Ingenieros Las Rozas.<\/p> ","protected":false},"excerpt":{"rendered":"<p>Los de Hern\u00e1n Quirelli caen a la quinta posici\u00f3n y salen de los puestos de ascenso<\/p>\n","protected":false},"author":0,"featured_media":3489,"comment_status":"open","ping_status":"open","sticky":false,"template":"","format":"standard","meta":{"_acf_changed":false,"footnotes":""},"categories":[16],"tags":[],"class_list":["post-3488","post","type-post","status-publish","format-standard","has-post-thumbnail","hentry","category-deportes"],"acf":{"ser_id":"OVTUTEJL6JAWTA45GHUJT4P4SQ","ser_url":"https:\/\/cadenaser.com\/comunitat-valenciana\/2024\/03\/24\/el-sant-cugat-termina-con-la-imbatibilidad-del-huesitos-la-vila-en-el-pantano-radio-benidorm\/"},"_links":{"self":[{"href":"https:\/\/serbenidorm.daliisolutions.com\/index.php\/wp-json\/wp\/v2\/posts\/3488","targetHints":{"allow":["GET"]}}],"collection":[{"href":"https:\/\/serbenidorm.daliisolutions.com\/index.php\/wp-json\/wp\/v2\/posts"}],"about":[{"href":"https:\/\/serbenidorm.daliisolutions.com\/index.php\/wp-json\/wp\/v2\/types\/post"}],"replies":[{"embeddable":true,"href":"https:\/\/serbenidorm.daliisolutions.com\/index.php\/wp-json\/wp\/v2\/comments?post=3488"}],"version-history":[{"count":0,"href":"https:\/\/serbenidorm.daliisolutions.com\/index.php\/wp-json\/wp\/v2\/posts\/3488\/revisions"}],"wp:featuredmedia":[{"embeddable":true,"href":"https:\/\/serbenidorm.daliisolutions.com\/index.php\/wp-json\/wp\/v2\/media\/3489"}],"wp:attachment":[{"href":"https:\/\/serbenidorm.daliisolutions.com\/index.php\/wp-json\/wp\/v2\/media?parent=3488"}],"wp:term":[{"taxonomy":"category","embeddable":true,"href":"https:\/\/serbenidorm.daliisolutions.com\/index.php\/wp-json\/wp\/v2\/categories?post=3488"},{"taxonomy":"post_tag","embeddable":true,"href":"https:\/\/serbenidorm.daliisolutions.com\/index.php\/wp-json\/wp\/v2\/tags?post=3488"}],"curies":[{"name":"wp","href":"https:\/\/api.w.org\/{rel}","templated":true}]}}