{"id":35,"date":"2023-11-29T15:21:10","date_gmt":"2023-11-29T14:21:10","guid":{"rendered":"https:\/\/serbenidorm.daliisolutions.com\/index.php\/2023\/11\/29\/el-sindic-ve-injustificado-que-el-ayuntamiento-de-benidorm-no-deje-acceder-a-la-oposicion-a-los-libros-de-registro\/"},"modified":"2023-11-29T15:21:10","modified_gmt":"2023-11-29T14:21:10","slug":"el-sindic-ve-injustificado-que-el-ayuntamiento-de-benidorm-no-deje-acceder-a-la-oposicion-a-los-libros-de-registro","status":"publish","type":"post","link":"https:\/\/serbenidorm.daliisolutions.com\/index.php\/2023\/11\/29\/el-sindic-ve-injustificado-que-el-ayuntamiento-de-benidorm-no-deje-acceder-a-la-oposicion-a-los-libros-de-registro\/","title":{"rendered":"El S\u00edndic ve &quot;injustificado&quot; que el Ayuntamiento de Benidorm no deje acceder a la oposici\u00f3n a los libros de registro"},"content":{"rendered":" Benidorm  <a href=\"https:\/\/cadenaser.com\/tag\/benidorm\/a\/\" target=\"_blank\" rel=\"noopener\">El S\u00edndic de Greuges de la Comunitat Valenciana ha censurado al Ayuntamiento de Benidorm por ocultar informaci\u00f3n a la oposici\u00f3n<\/a>. As\u00ed queda reflejado en la resoluci\u00f3n de esta instituci\u00f3n equivalente al defensor del pueblo: \u00abLos concejales de la oposici\u00f3n ni siquiera pueden acceder al listado o visualizaci\u00f3n electr\u00f3nica de la descripci\u00f3n de los asientos realizados en el registro de entrada y salida, lo que no plantea ning\u00fan problema legal, puesto que en la descripci\u00f3n de dichos asientos no existen datos personales especialmente protegidos\u00bb.  El gobierno local no ha atendido as\u00ed las recomendaciones que el S\u00edndic realiz\u00f3 en un informe fechado en septiembre de este mismo a\u00f1o y seg\u00fan las cuales se deb\u00eda permitir \u00abque los concejales de la oposici\u00f3n puedan acceder a la informaci\u00f3n contenida en la plataforma inform\u00e1tica de la misma manera que los concejales del equipo de gobierno, ya que, sin perjuicio de su deber de reserva, todos ellos son miembros de la misma Corporaci\u00f3n Local y ese acceso es necesario para ejercer las funciones propias del cargo p\u00fablico para el que han sido democr\u00e1ticamente elegidos\u00bb.  <figure><img decoding=\"async\" src=\"https:\/\/cadenaser.com\/resizer\/8OnyMAVTC5RaaZMkAnrfO-yZpN4=\/650x366\/filters:quality(70)\/cloudfront-eu-central-1.images.arcpublishing.com\/prisaradio\/3N26SR6HAVBBRDMV43UYDAJEFY.jpg\" loading=\"lazy\" width=\"240\" height=\"135\" \/><\/figure><div><a href=\"https:\/\/cadenaser.com\/comunitat-valenciana\/2023\/07\/27\/el-sindic-pide-a-benidorm-que-mida-los-ruidos-en-la-zona-inglesa-para-dar-soluciones-a-sus-vecinos-radio-benidorm\/\">El S\u00edndic pide a Benidorm que mida los ruidos en la zona inglesa para dar soluciones a sus vecinos<\/a><p><\/p><\/div>  Un hecho que el organismo ve \u00abinjustificado\u00bb y al que ha reaccionado el Grupo Municipal Socialista:<a href=\"https:\/\/cadenaser.com\/tag\/pspv_psoe_partido_socialista_pais_valencia\/a\/\" target=\"_blank\" rel=\"noopener\"> \u00abNos est\u00e1n negando el acceso a una informaci\u00f3n a la que tenemos derecho. Es lamentable esta actitud por parte del gobierno popular, menos mal que el S\u00edndic le ha quitado la careta de falso dem\u00f3crata al alcalde\u00bb<\/a>, ha afirmado su portavoz adjunto Sergi Castillo.  Para finalizar, el portavoz adjunto ha indicado que desde el Grupo Socialista han solicitado, en las comisiones informativas celebradas hoy y por registro, el cumplimiento de las recomendaciones del S\u00edndic para poder acceder a la informaci\u00f3n reclamada.  El gobierno se escuda en la protecci\u00f3n de datos  La portavoz del equipo de gobierno, Lourdes Caselles, ha salido al paso de las declaraciones de Castillo asegurando que \u00abhemos cumplido escrupulosamente con lo indicado por la Secretar\u00eda en un informe firmado el pasado 11 de julio\u201d.   Caselles ha detallado que ese informe de Secretar\u00eda, que se emiti\u00f3 apenas cinco d\u00edas despu\u00e9s de que el grupo socialista pidiera acceder al Registro, concluye que \u201cla legislaci\u00f3n de r\u00e9gimen local reconoce un derecho de acceso a los concejales a informaci\u00f3n que pueda resultar necesaria para el desarrollo de sus funciones, pero ello no conlleva el derecho de los mismos a que se les d\u00e9 acceso al Registro\u201d.   Adem\u00e1s, ha se\u00f1alado que<a href=\"https:\/\/cadenaser.com\/tag\/lopd_ley_proteccion_datos\/a\/\" target=\"_blank\" rel=\"noopener\"> \u201cfacilitar a los concejales el acceso al registro de entrada y salida de documentos podr\u00eda suponer un riesgo para la correcta protecci\u00f3n de la informaci\u00f3n personal de los afectados\u201d<\/a>.  El informe, que hace tambi\u00e9n alusi\u00f3n a la normativa en materia de Protecci\u00f3n de Datos de car\u00e1cter personal, a\u00f1ade que \u201cconteniendo el Registro de entrada y salida datos protegidos, debe el Ayuntamiento garantizar la trazabilidad de cualquier tratamiento de los mismos y nunca debe darse acceso directo sin poder garantizar que quede el rastro de cu\u00e1ndo y a qu\u00e9 datos se accede\u201d.  <div class=\"hd\"><p>Radio Benidorm<\/p><\/div><div class=\"lst lst-s\"><ul><li><div id=\"player-cadenaser_benidorm_hoyporhoybenidorm_20231129_122000_140000\" class=\"c-pl-a\"><button class=\"bt-pp\" data-audioid=\"cadenaser_benidorm_hoyporhoybenidorm_20231129_122000_140000\" data-type=\"aod\">Play<\/button><\/div><p title=\"Hoy por Hoy Benidorm (29\/11\/2023)\"><span>Hoy por Hoy Benidorm (29\/11\/2023)<\/span><span>01:40:00<!-- -->\u00a0|\u00a0<!-- -->Hoy por Hoy Benidorm<\/span><\/p><\/li><li><div id=\"player-1701090079280\" class=\"c-pl-a\"><button class=\"bt-pp\" data-audioid=\"1701090079280\" data-type=\"aod\">Play<\/button><\/div><p title=\"El secreto del punto del arroz con La Arrocer\u00eda de la Mejillonera en Benidorm\"><span>El secreto del punto del arroz con La Arrocer\u00eda de la Mejillonera en Benidorm<\/span><span>13:36<!-- -->\u00a0|\u00a0<!-- -->Hoy por Hoy Benidorm<\/span><\/p><\/li><li><div id=\"player-cadenaser_benidorm_hoyporhoymatinalbenidorm_20231129_082000_083000\" class=\"c-pl-a\"><button class=\"bt-pp\" data-audioid=\"cadenaser_benidorm_hoyporhoymatinalbenidorm_20231129_082000_083000\" data-type=\"aod\">Play<\/button><\/div><p title=\"Hoy por Hoy matinal Benidorm 8:20 (29\/11\/2023)\"><span>Hoy por Hoy matinal Benidorm 8:20 (29\/11\/2023)<\/span><span>10:00<!-- -->\u00a0|\u00a0<!-- -->Hoy por Hoy matinal Benidorm<\/span><\/p><\/li><li><div id=\"player-cadenaser_benidorm_hoyporhoymatinalbenidorm_20231129_072000_073000\" class=\"c-pl-a\"><button class=\"bt-pp\" data-audioid=\"cadenaser_benidorm_hoyporhoymatinalbenidorm_20231129_072000_073000\" data-type=\"aod\">Play<\/button><\/div><p title=\"Hoy por Hoy matinal Benidorm 7:20 (29\/11\/2023)\"><span>Hoy por Hoy matinal Benidorm 7:20 (29\/11\/2023)<\/span><span>10:00<!-- -->\u00a0|\u00a0<!-- -->Hoy por Hoy matinal Benidorm<\/span><\/p><\/li><li><div id=\"player-cadenaser_benidorm_laventanadelamarinabaixa_20231128_192000_194000\" class=\"c-pl-a\"><button class=\"bt-pp\" data-audioid=\"cadenaser_benidorm_laventanadelamarinabaixa_20231128_192000_194000\" data-type=\"aod\">Play<\/button><\/div><p title=\"La Ventana de la Marina Baixa (28\/11\/2023)\"><span>La Ventana de la Marina Baixa (28\/11\/2023)<\/span><span>20:00<!-- -->\u00a0|\u00a0<!-- -->La Ventana de la Marina Baixa<\/span><\/p><\/li><li><div id=\"player-cadenaser_benidorm_serdeportivosbenidorm_20231128_152000_160000\" class=\"c-pl-a\"><button class=\"bt-pp\" data-audioid=\"cadenaser_benidorm_serdeportivosbenidorm_20231128_152000_160000\" data-type=\"aod\">Play<\/button><\/div><p title=\"SER Deportivos Benidorm (28\/11\/2023)\"><span>SER Deportivos Benidorm (28\/11\/2023)<\/span><span>40:00<!-- -->\u00a0|\u00a0<!-- -->SER Deportivos Benidorm<\/span><\/p><\/li><li><div id=\"player-cadenaser_benidorm_hora14benidorm_20231128_141700_143000\" class=\"c-pl-a\"><button class=\"bt-pp\" data-audioid=\"cadenaser_benidorm_hora14benidorm_20231128_141700_143000\" data-type=\"aod\">Play<\/button><\/div><p title=\"Hora 14 Benidorm (28\/11\/2023)\"><span>Hora 14 Benidorm (28\/11\/2023)<\/span><span>13:00<!-- -->\u00a0|\u00a0<!-- -->Hora 14 Benidorm<\/span><\/p><\/li><li><div id=\"player-cadenaser_benidorm_hoyporhoybenidorm_20231128_122000_140000\" class=\"c-pl-a\"><button class=\"bt-pp\" data-audioid=\"cadenaser_benidorm_hoyporhoybenidorm_20231128_122000_140000\" data-type=\"aod\">Play<\/button><\/div><p title=\"Hoy por Hoy Benidorm (28\/11\/2023)\"><span>Hoy por Hoy Benidorm (28\/11\/2023)<\/span><span>01:40:00<!-- -->\u00a0|\u00a0<!-- -->Hoy por Hoy Benidorm<\/span><\/p><\/li><li><div id=\"player-1701175862565\" class=\"c-pl-a\"><button class=\"bt-pp\" data-audioid=\"1701175862565\" data-type=\"aod\">Play<\/button><\/div><p title=\"La Nuc\u00eda celebra su Feria de la Navidad del 1 al 3 de diciembre\"><span>La Nuc\u00eda celebra su Feria de la Navidad del 1 al 3 de diciembre<\/span><span>18:45<!-- -->\u00a0|\u00a0<!-- -->Hoy por Hoy Benidorm<\/span><\/p><\/li><li><div id=\"player-1701174842410\" class=\"c-pl-a\"><button class=\"bt-pp\" data-audioid=\"1701174842410\" data-type=\"aod\">Play<\/button><\/div><p title=\"Antonio Espinos nos cuenta la historia de una &quot;p\u00e1tera&quot; hallada en Allon,  la perla de la Marina Baixa\"><span>Antonio Espinos nos cuenta la historia de una &quot;p\u00e1tera&quot; hallada en Allon,  la perla de la Marina Baixa<\/span><span>21:27<!-- -->\u00a0|\u00a0<!-- -->Hoy por Hoy Benidorm<\/span><\/p><\/li><li><div id=\"player-1701174279553\" class=\"c-pl-a\"><button class=\"bt-pp\" data-audioid=\"1701174279553\" data-type=\"aod\">Play<\/button><\/div><p title=\"En Educando en Inclusi\u00f3n la maestra Sonia Montesinos nos habla sobre el uso racional de los elementos tecnol\u00f3gicos en la infancia y la adolescencia\"><span>En Educando en Inclusi\u00f3n la maestra Sonia Montesinos nos habla sobre el uso racional de los elementos tecnol\u00f3gicos en la infancia y la adolescencia<\/span><span>22:36<!-- -->\u00a0|\u00a0<!-- -->Hoy por Hoy Benidorm<\/span><\/p><\/li><li><div id=\"player-1701169563404\" class=\"c-pl-a\"><button class=\"bt-pp\" data-audioid=\"1701169563404\" data-type=\"aod\">Play<\/button><\/div><p title=\"La tertulia de La Ventana de la Marina Baixa (27\/11\/2023)\"><span>La tertulia de La Ventana de la Marina Baixa (27\/11\/2023)<\/span><span>39:36<!-- -->\u00a0|\u00a0<!-- -->La Ventana de la Marina Baixa<\/span><\/p><\/li><li><div id=\"player-cadenaser_benidorm_hoyporhoymatinalbenidorm_20231128_082000_083000\" class=\"c-pl-a\"><button class=\"bt-pp\" data-audioid=\"cadenaser_benidorm_hoyporhoymatinalbenidorm_20231128_082000_083000\" data-type=\"aod\">Play<\/button><\/div><p title=\"Hoy por Hoy matinal Benidorm 8:20 (28\/11\/2023)\"><span>Hoy por Hoy matinal Benidorm 8:20 (28\/11\/2023)<\/span><span>10:00<!-- -->\u00a0|\u00a0<!-- -->Hoy por Hoy matinal Benidorm<\/span><\/p><\/li><li><div id=\"player-cadenaser_benidorm_hoyporhoymatinalbenidorm_20231128_072000_073000\" class=\"c-pl-a\"><button class=\"bt-pp\" data-audioid=\"cadenaser_benidorm_hoyporhoymatinalbenidorm_20231128_072000_073000\" data-type=\"aod\">Play<\/button><\/div><p title=\"Hoy por Hoy matinal Benidorm 7:20 (28\/11\/2023)\"><span>Hoy por Hoy matinal Benidorm 7:20 (28\/11\/2023)<\/span><span>10:00<!-- -->\u00a0|\u00a0<!-- -->Hoy por Hoy matinal Benidorm<\/span><\/p><\/li><li><div id=\"player-cadenaser_benidorm_laventanadelamarinabaixa_20231127_192000_194000\" class=\"c-pl-a\"><button class=\"bt-pp\" data-audioid=\"cadenaser_benidorm_laventanadelamarinabaixa_20231127_192000_194000\" data-type=\"aod\">Play<\/button><\/div><p title=\"La Ventana de la Marina Baixa (27\/11\/2023)\"><span>La Ventana de la Marina Baixa (27\/11\/2023)<\/span><span>20:00<!-- -->\u00a0|\u00a0<!-- -->La Ventana de la Marina Baixa<\/span><\/p><\/li><\/ul><\/div> ","protected":false},"excerpt":{"rendered":"<p>Sergi Castillo (PSOE): \u201cEl S\u00edndic le quita la careta de falso dem\u00f3crata a Toni P\u00e9rez\u201d | El gobierno local se escuda en la protecci\u00f3n de datos<\/p>\n","protected":false},"author":0,"featured_media":36,"comment_status":"open","ping_status":"open","sticky":false,"template":"","format":"standard","meta":{"_acf_changed":false,"footnotes":""},"categories":[1],"tags":[],"class_list":["post-35","post","type-post","status-publish","format-standard","has-post-thumbnail","hentry","category-sin-categoria"],"acf":{"ser_id":"6BBG3BHJGNF6REW67ZJCQTGBLU","ser_url":""},"_links":{"self":[{"href":"https:\/\/serbenidorm.daliisolutions.com\/index.php\/wp-json\/wp\/v2\/posts\/35","targetHints":{"allow":["GET"]}}],"collection":[{"href":"https:\/\/serbenidorm.daliisolutions.com\/index.php\/wp-json\/wp\/v2\/posts"}],"about":[{"href":"https:\/\/serbenidorm.daliisolutions.com\/index.php\/wp-json\/wp\/v2\/types\/post"}],"replies":[{"embeddable":true,"href":"https:\/\/serbenidorm.daliisolutions.com\/index.php\/wp-json\/wp\/v2\/comments?post=35"}],"version-history":[{"count":0,"href":"https:\/\/serbenidorm.daliisolutions.com\/index.php\/wp-json\/wp\/v2\/posts\/35\/revisions"}],"wp:featuredmedia":[{"embeddable":true,"href":"https:\/\/serbenidorm.daliisolutions.com\/index.php\/wp-json\/wp\/v2\/media\/36"}],"wp:attachment":[{"href":"https:\/\/serbenidorm.daliisolutions.com\/index.php\/wp-json\/wp\/v2\/media?parent=35"}],"wp:term":[{"taxonomy":"category","embeddable":true,"href":"https:\/\/serbenidorm.daliisolutions.com\/index.php\/wp-json\/wp\/v2\/categories?post=35"},{"taxonomy":"post_tag","embeddable":true,"href":"https:\/\/serbenidorm.daliisolutions.com\/index.php\/wp-json\/wp\/v2\/tags?post=35"}],"curies":[{"name":"wp","href":"https:\/\/api.w.org\/{rel}","templated":true}]}}