{"id":3502,"date":"2024-03-25T14:16:41","date_gmt":"2024-03-25T13:16:41","guid":{"rendered":"https:\/\/serbenidorm.daliisolutions.com\/index.php\/2024\/03\/25\/finestrat-pide-a-correos-mas-personal-y-horario-para-cubrir-el-crecimiento-de-la-localidad\/"},"modified":"2024-03-25T14:16:41","modified_gmt":"2024-03-25T13:16:41","slug":"finestrat-pide-a-correos-mas-personal-y-horario-para-cubrir-el-crecimiento-de-la-localidad","status":"publish","type":"post","link":"https:\/\/serbenidorm.daliisolutions.com\/index.php\/2024\/03\/25\/finestrat-pide-a-correos-mas-personal-y-horario-para-cubrir-el-crecimiento-de-la-localidad\/","title":{"rendered":"Finestrat pide a Correos m\u00e1s personal y horario para cubrir el crecimiento de la localidad"},"content":{"rendered":"  <p>Finestrat<\/p>   <p>Finestrat ha crecido exponencialmente en las \u00faltimas dos d\u00e9cadas en n\u00famero de habitantes y tambi\u00e9n en n\u00famero de empresas o n\u00facleos residenciales. Sin embargo, Correos cuenta desde principios de este siglo con <a href=\"https:\/\/cadenaser.com\/tag\/finestrat\/a\/\" target=\"_blank\" rel=\"noopener\">una \u00fanica oficina ubicada en el casco hist\u00f3rico, en la avenida Benidorm, que solo abre al p\u00fablico por las ma\u00f1anas<\/a>.<\/p>   <p>Desde el gobierno local consideran insuficiente este horario as\u00ed como los recursos de los que dispone para atender la actual demanda. Por ello, en la pr\u00f3xima sesi\u00f3n plenaria se presentar\u00e1 una moci\u00f3n para instar a la empresa a ampliar el horario y los efectivos del servicio. <\/p>  <p><figure><img decoding=\"async\" src=\"https:\/\/cadenaser.com\/resizer\/taYxfFkS2SSD6J7A_e9GLISeK3o=\/650x366\/filters:quality(70)\/cloudfront-eu-central-1.images.arcpublishing.com\/prisaradio\/2O4AXTPU2VHWDNAT6SW33ELDSM.png\" loading=\"lazy\" width=\"240\" height=\"135\" \/><\/figure><div><a href=\"https:\/\/cadenaser.com\/comunitat-valenciana\/2024\/03\/08\/la-cala-de-finestrat-ya-tiene-pediatra-radio-benidorm\/\">La Cala de Finestrat ya tiene pediatra<\/a><p><\/p><\/div><\/p>   <p>Su portavoz y primera Teniente de Alcalde, Nati Algado, ha insistido en que \u00ab24 a\u00f1os despu\u00e9s la radiograf\u00eda de la localidad es muy diferente porque hemos pasado de cerca de 2.000 habitantes a m\u00e1s de 10.000, por el incremento de n\u00facleos residenciales con numerosas urbanizaciones que se suman a La Cala, el n\u00facleo hist\u00f3rico y los diseminados rurales, y tambi\u00e9n por el incremento de las empresas instaladas en Finestrat que han pasado de cerca de 300 en el a\u00f1o 2010 a m\u00e1s de 660 en la actualidad\u00bb.<\/p>   <p>Con esta moci\u00f3n, Algado dice hacerse eco de las quejas ciudadanas y espera que esto permita tener \u00abun servicio m\u00e1s accesible, con mayor y mejor cobertura como se merece la ciudadan\u00eda y el empresariado de Finestrat\u00bb.<\/p> ","protected":false},"excerpt":{"rendered":"<p>Actualmente hay una \u00fanica oficina que solo atiende en horario de ma\u00f1ana<\/p>\n","protected":false},"author":0,"featured_media":3503,"comment_status":"open","ping_status":"open","sticky":false,"template":"","format":"standard","meta":{"_acf_changed":false,"footnotes":""},"categories":[1],"tags":[],"class_list":["post-3502","post","type-post","status-publish","format-standard","has-post-thumbnail","hentry","category-sin-categoria"],"acf":{"ser_id":"AGGYH3WBMRCAHNOLEOEBUNJKII","ser_url":"https:\/\/cadenaser.com\/comunitat-valenciana\/2024\/03\/25\/finestrat-pide-a-correos-mas-personal-y-horario-para-cubrir-el-crecimiento-de-la-localidad-radio-benidorm\/"},"_links":{"self":[{"href":"https:\/\/serbenidorm.daliisolutions.com\/index.php\/wp-json\/wp\/v2\/posts\/3502","targetHints":{"allow":["GET"]}}],"collection":[{"href":"https:\/\/serbenidorm.daliisolutions.com\/index.php\/wp-json\/wp\/v2\/posts"}],"about":[{"href":"https:\/\/serbenidorm.daliisolutions.com\/index.php\/wp-json\/wp\/v2\/types\/post"}],"replies":[{"embeddable":true,"href":"https:\/\/serbenidorm.daliisolutions.com\/index.php\/wp-json\/wp\/v2\/comments?post=3502"}],"version-history":[{"count":0,"href":"https:\/\/serbenidorm.daliisolutions.com\/index.php\/wp-json\/wp\/v2\/posts\/3502\/revisions"}],"wp:featuredmedia":[{"embeddable":true,"href":"https:\/\/serbenidorm.daliisolutions.com\/index.php\/wp-json\/wp\/v2\/media\/3503"}],"wp:attachment":[{"href":"https:\/\/serbenidorm.daliisolutions.com\/index.php\/wp-json\/wp\/v2\/media?parent=3502"}],"wp:term":[{"taxonomy":"category","embeddable":true,"href":"https:\/\/serbenidorm.daliisolutions.com\/index.php\/wp-json\/wp\/v2\/categories?post=3502"},{"taxonomy":"post_tag","embeddable":true,"href":"https:\/\/serbenidorm.daliisolutions.com\/index.php\/wp-json\/wp\/v2\/tags?post=3502"}],"curies":[{"name":"wp","href":"https:\/\/api.w.org\/{rel}","templated":true}]}}