{"id":3504,"date":"2024-03-25T15:11:02","date_gmt":"2024-03-25T14:11:02","guid":{"rendered":"https:\/\/serbenidorm.daliisolutions.com\/index.php\/2024\/03\/25\/el-tiempo-enfria-las-expectativas-de-los-hoteles-de-benidorm-para-esta-semana-santa\/"},"modified":"2024-03-25T15:11:02","modified_gmt":"2024-03-25T14:11:02","slug":"el-tiempo-enfria-las-expectativas-de-los-hoteles-de-benidorm-para-esta-semana-santa","status":"publish","type":"post","link":"https:\/\/serbenidorm.daliisolutions.com\/index.php\/2024\/03\/25\/el-tiempo-enfria-las-expectativas-de-los-hoteles-de-benidorm-para-esta-semana-santa\/","title":{"rendered":"El tiempo enfr\u00eda las expectativas de los hoteles de Benidorm para esta Semana Santa"},"content":{"rendered":"  <p>Benidorm<\/p>   <p>Pese a que desde la semana pasada <a href=\"https:\/\/cadenaser.com\/tag\/benidorm\/a\/\" target=\"_blank\" rel=\"noopener\">ha aumentado notablemente el n\u00famero de turistas que recorren las calles de Benidorm<\/a> durante todo el d\u00eda, los hoteleros de Benidorm y la Marina Baixa miran al cielo a las puertas de la que deber\u00eda ser la primera gran temporada alta del a\u00f1o 2024. <\/p>   <p>La patronal Hosbec reconoce, a pesar del entusiasmo de los \u00faltimos meses, que las cifras finales de esta semana podr\u00edan estar por debajo de lo que se esperaba.<\/p>  <p><p class=\"tit\"><span>Hora 14 Benidorm (22\/03\/2024)<\/span><\/p> <p class=\"emb\"><iframe loading=\"lazy\" src=\"https:\/\/cadenaser.com\/embed\/audio\/460\/cadenaser_benidorm_hora14benidorm_20240322_141700_143000\/\" width=\"100%\" height=\"360\" frameborder=\"0\" allowfullscreen><\/iframe><\/p><\/p>   <p>Su secretaria general, Mayte Garc\u00eda, explica que el buen ritmo de incremento de las reservas se ha estancado en los \u00faltimos d\u00edas debido, precisamente, a las dudas que han surgido entre los que han optado por la \u00faltima hora debido a la previsi\u00f3n, incluso, de d\u00edas lluviosos y clima invernal.<\/p>  <p><p>M\u00e1s informaci\u00f3n<\/p><figure><img decoding=\"async\" src=\"https:\/\/cadenaser.com\/resizer\/vLGv4a33XXIhloDNsF-OqqFfjQg=\/650x366\/filters:quality(70):focal(415x313:425x323)\/cloudfront-eu-central-1.images.arcpublishing.com\/prisaradio\/G2VKOX4ON5GLXAJPV2SOQY5P5Y.jpg\" loading=\"lazy\" width=\"828\" height=\"621\" \/><\/figure><ul><li><a href=\"https:\/\/cadenaser.com\/comunitat-valenciana\/2024\/03\/22\/semana-santa-2024-en-benidorm-horario-y-recorrido-de-las-procesiones-radio-benidorm\/\">Semana Santa 2024 en Benidorm: horario y recorrido de las procesiones<\/a><\/li><\/ul><\/p>   <p>As\u00ed, Garc\u00eda ha afirmado este lunes que en Benidorm \u201chasta este fin de semana no hemos superado el 70% de previsi\u00f3n\u201d, una cifra relativamente baja para lo que es habitual en la capital tur\u00edstica de la Comunitat Valenciana.<\/p>   <p>Ocupaci\u00f3n r\u00e9cord en apartamentos tur\u00edsticos<\/p>   <p>No obstante, seg\u00fan la Asociaci\u00f3n de Viviendas de Uso Tur\u00edstico de la Comunitat Valenciana (Aptur), el n\u00famero de plazas reservadas ya para sus alojamientos en la ciudad alcanza el 80% y se podr\u00eda llegar al 90 % <\/p>   <p>Los responsables de Aptur no descartan que se pueda <a href=\"https:\/\/cadenaser.com\/tag\/apartamentos_turisticos\/a\/\" target=\"_blank\" rel=\"noopener\">\u201ccerrar el mes de marzo con ocupaci\u00f3n r\u00e9cord, entre un 5% y un 10% por encima de las del a\u00f1o pasado, cuando se recuperaron las cifras de prepandemia\u201d<\/a>.<\/p>   <p>En ese sentido, subrayan que \u201cen 2019 las reservas hechas para el puente de Semana Santa oscilaron entre el 75% de las plazas alojativas del interior, la Costa Azahar de Castell\u00f3n, la ciudad de Valencia y los destinos de costa de la provincia valenciana, y el 85% de Benidorm y otros destinos de la Costa Blanca\u201d.<\/p>   <p>Para este a\u00f1o, adem\u00e1s, \u201cBenidorm vuelve a liderar las reservas de Semana Santa en el sector VUT de la Comunitat y puede alcanzar un 90% de ocupaci\u00f3n gracias al aumento de reservas de turistas extranjeros, mayoritariamente del mercado brit\u00e1nico y alem\u00e1n, como de turistas nacionales\u201d.<\/p> ","protected":false},"excerpt":{"rendered":"<p>El sector de los apartamentos tur\u00edsticos cree por el contrario que las reservas de los \u00faltimos d\u00edas le puede elevar a unas cifras r\u00e9cord<\/p>\n","protected":false},"author":0,"featured_media":3505,"comment_status":"open","ping_status":"open","sticky":false,"template":"","format":"standard","meta":{"_acf_changed":false,"footnotes":""},"categories":[1],"tags":[],"class_list":["post-3504","post","type-post","status-publish","format-standard","has-post-thumbnail","hentry","category-sin-categoria"],"acf":{"ser_id":"HLXHJVJEVZA4PFWNJSTEPLLHPQ","ser_url":"https:\/\/cadenaser.com\/comunitat-valenciana\/2024\/03\/25\/el-tiempo-enfria-las-expectativas-de-los-hoteles-de-benidorm-para-esta-semana-santa-radio-benidorm\/"},"_links":{"self":[{"href":"https:\/\/serbenidorm.daliisolutions.com\/index.php\/wp-json\/wp\/v2\/posts\/3504","targetHints":{"allow":["GET"]}}],"collection":[{"href":"https:\/\/serbenidorm.daliisolutions.com\/index.php\/wp-json\/wp\/v2\/posts"}],"about":[{"href":"https:\/\/serbenidorm.daliisolutions.com\/index.php\/wp-json\/wp\/v2\/types\/post"}],"replies":[{"embeddable":true,"href":"https:\/\/serbenidorm.daliisolutions.com\/index.php\/wp-json\/wp\/v2\/comments?post=3504"}],"version-history":[{"count":0,"href":"https:\/\/serbenidorm.daliisolutions.com\/index.php\/wp-json\/wp\/v2\/posts\/3504\/revisions"}],"wp:featuredmedia":[{"embeddable":true,"href":"https:\/\/serbenidorm.daliisolutions.com\/index.php\/wp-json\/wp\/v2\/media\/3505"}],"wp:attachment":[{"href":"https:\/\/serbenidorm.daliisolutions.com\/index.php\/wp-json\/wp\/v2\/media?parent=3504"}],"wp:term":[{"taxonomy":"category","embeddable":true,"href":"https:\/\/serbenidorm.daliisolutions.com\/index.php\/wp-json\/wp\/v2\/categories?post=3504"},{"taxonomy":"post_tag","embeddable":true,"href":"https:\/\/serbenidorm.daliisolutions.com\/index.php\/wp-json\/wp\/v2\/tags?post=3504"}],"curies":[{"name":"wp","href":"https:\/\/api.w.org\/{rel}","templated":true}]}}