{"id":352,"date":"2023-12-05T08:48:04","date_gmt":"2023-12-05T07:48:04","guid":{"rendered":"https:\/\/serbenidorm.daliisolutions.com\/index.php\/2023\/12\/05\/benidorm-y-la-marina-baixa-se-unen-a-hidraqua-para-digitalizar-el-ciclo-del-agua-con-fondos-europeos\/"},"modified":"2023-12-05T08:48:04","modified_gmt":"2023-12-05T07:48:04","slug":"benidorm-y-la-marina-baixa-se-unen-a-hidraqua-para-digitalizar-el-ciclo-del-agua-con-fondos-europeos","status":"publish","type":"post","link":"https:\/\/serbenidorm.daliisolutions.com\/index.php\/2023\/12\/05\/benidorm-y-la-marina-baixa-se-unen-a-hidraqua-para-digitalizar-el-ciclo-del-agua-con-fondos-europeos\/","title":{"rendered":"Benidorm y la Marina Baixa se unen a Hidraqua para digitalizar el ciclo del agua con fondos europeos"},"content":{"rendered":" Benidorm  Benidorm quiere digitalizar la gesti\u00f3n del ciclo integral del agua en la ciudad y para ello el Ayuntamiento, junto con la empresa concesionaria Hidraqua, va a concurrir a una convocatoria con fondos europeos con la que pretende obtener una inversi\u00f3n de 10,6 millones de euros.  El proyecto lleva por nombre &#8216;<a href=\"https:\/\/cadenaser.com\/tag\/comarca_la_marina_baixa\/a\/\" target=\"_blank\" rel=\"noopener\">Digitalizaci\u00f3n del ciclo del agua en la Marina Baixa. Vida Marina Baixa<\/a>&#8216; y ha sido presentado hoy en Benidorm en la sede de Dinapsis.  Se trata del Plan de Recuperaci\u00f3n y Resiliencia (PERTE) financiado con fondos europeos Next Generation que cuenta  con una convocatoria para financiar proyectos de mejora de la eficiencia del ciclo urbano del agua.  <p>M\u00e1s informaci\u00f3n<\/p><figure><img decoding=\"async\" src=\"https:\/\/cadenaser.com\/resizer\/X6ByqeYghUWE7y9mf7rvua1jAPc=\/650x366\/filters:quality(70)\/cloudfront-eu-central-1.images.arcpublishing.com\/prisaradio\/YYHY67OJW5FJBJAWP6JOOL2AIE.jpg\" loading=\"lazy\" width=\"828\" height=\"621\" \/><\/figure><ul><li><a href=\"https:\/\/cadenaser.com\/comunitat-valenciana\/2023\/11\/30\/benidorm-adjudica-una-nueva-mejora-en-el-moralet-por-medio-millon-de-euros-radio-benidorm\/\">Benidorm adjudica una nueva mejora en El Moralet por medio mill\u00f3n de euros<\/a><\/li><\/ul>  La propuesta que opta a fondos europeos plantea 145 actuaciones y abarca tambi\u00e9n, adem\u00e1s de Benidorm, a los municipios de La Vila Joiosa, L\u2019Alf\u00e0s del Pi, Finestrat, Polop y Orxeta que se suman al proyecto.  En el caso de Benidorm ser\u00e1n 35 las acciones que se desarrollar\u00e1n en su t\u00e9rmino y la inversi\u00f3n supera los 4 millones de euros entre los 3,1 millones que se sufragar\u00edan con fondos europeos y los 769.000 euros que aportar\u00eda el municipio con recursos propios.  Las inversiones est\u00e1n divididas en tres ejes: planificaci\u00f3n; mejoras de la eficiencia y digitalizaci\u00f3n; y gesti\u00f3n  de la informaci\u00f3n; y se desarrollar\u00e1n distribuidas en funci\u00f3n de la poblaci\u00f3n de cada uno de los municipios participantes.  \u00bfEn qu\u00e9 consiste el proyecto?  Entre las acciones recogidas se incluye, la elaboraci\u00f3n de un Plan Integral de Gesti\u00f3n de Saneamiento; un Plan Director de Aguas Regeneradas; la redacci\u00f3n del Estudio para el Diagn\u00f3stico, Control y Gesti\u00f3n de fugas estructurales; un Estudio de utilizaci\u00f3n de aguas fre\u00e1ticas y otros usos alternativos; la  digitalizaci\u00f3n y monitorizaci\u00f3n de la calidad de la red del agua en dep\u00f3sitos, de la red de abastecimiento, la de alcantarillado, los puntos de alivio medios o las fugas en la red, entre otras.  Si el proyecto &#8216;Vida Marina Baixa&#8217; consiguiera entrar en esta convocatoria del PERTE podr\u00eda comenzar a desarrollarse en junio del a\u00f1o que viene con un plazo de ejecuci\u00f3n previsto de a\u00f1o y medio, por lo que en diciembre de 2025 podr\u00eda ser una realidad.  Durante  a presentaci\u00f3n el alcalde de Benidorm, Toni P\u00e9rez, ha manifestado que \u201cel proyecto \u2018Vida Marina Baixa\u2019,  por encima de los seis ayuntamientos que engloba, va a alcanzar a una  poblaci\u00f3n empadronada que supera los 140.000 habitantes\u201d tras lo cual tambi\u00e9n ha defendido que las actuaciones que se van a desarrollar \u201cir\u00e1n  mucho m\u00e1s all\u00e1\u201d, alcanzando tambi\u00e9n a poblaciones cuyos ayuntamientos no participan en el proyecto.  Por su parte el gerente de Hidraqua en Benidorm, Ciriaco Clemente, ha a\u00f1adido que \u201ccualquier gotita de agua que se ahorre en Finestrat o en Polop es una gota que est\u00e1 en Guadalest o en Amadorio\u201d. ","protected":false},"excerpt":{"rendered":"<p>Tambi\u00e9n participan La Vila Joiosa, l\u2019Alf\u00e0s del Pi, Finestrat, Polop y Orxeta<\/p>\n","protected":false},"author":0,"featured_media":353,"comment_status":"open","ping_status":"open","sticky":false,"template":"","format":"standard","meta":{"_acf_changed":false,"footnotes":""},"categories":[1],"tags":[],"class_list":["post-352","post","type-post","status-publish","format-standard","has-post-thumbnail","hentry","category-sin-categoria"],"acf":{"ser_id":"DP7BQK7KNZGKTOEBIGUE5VDZBU","ser_url":""},"_links":{"self":[{"href":"https:\/\/serbenidorm.daliisolutions.com\/index.php\/wp-json\/wp\/v2\/posts\/352","targetHints":{"allow":["GET"]}}],"collection":[{"href":"https:\/\/serbenidorm.daliisolutions.com\/index.php\/wp-json\/wp\/v2\/posts"}],"about":[{"href":"https:\/\/serbenidorm.daliisolutions.com\/index.php\/wp-json\/wp\/v2\/types\/post"}],"replies":[{"embeddable":true,"href":"https:\/\/serbenidorm.daliisolutions.com\/index.php\/wp-json\/wp\/v2\/comments?post=352"}],"version-history":[{"count":0,"href":"https:\/\/serbenidorm.daliisolutions.com\/index.php\/wp-json\/wp\/v2\/posts\/352\/revisions"}],"wp:featuredmedia":[{"embeddable":true,"href":"https:\/\/serbenidorm.daliisolutions.com\/index.php\/wp-json\/wp\/v2\/media\/353"}],"wp:attachment":[{"href":"https:\/\/serbenidorm.daliisolutions.com\/index.php\/wp-json\/wp\/v2\/media?parent=352"}],"wp:term":[{"taxonomy":"category","embeddable":true,"href":"https:\/\/serbenidorm.daliisolutions.com\/index.php\/wp-json\/wp\/v2\/categories?post=352"},{"taxonomy":"post_tag","embeddable":true,"href":"https:\/\/serbenidorm.daliisolutions.com\/index.php\/wp-json\/wp\/v2\/tags?post=352"}],"curies":[{"name":"wp","href":"https:\/\/api.w.org\/{rel}","templated":true}]}}