{"id":3533,"date":"2024-03-26T16:21:34","date_gmt":"2024-03-26T15:21:34","guid":{"rendered":"https:\/\/serbenidorm.daliisolutions.com\/index.php\/2024\/03\/26\/hoy-por-hoy-benidorm-desde-el-ceip-els-tolls-con-motivo-de-su-semana-cultural\/"},"modified":"2024-03-26T16:21:34","modified_gmt":"2024-03-26T15:21:34","slug":"hoy-por-hoy-benidorm-desde-el-ceip-els-tolls-con-motivo-de-su-semana-cultural","status":"publish","type":"post","link":"https:\/\/serbenidorm.daliisolutions.com\/index.php\/2024\/03\/26\/hoy-por-hoy-benidorm-desde-el-ceip-els-tolls-con-motivo-de-su-semana-cultural\/","title":{"rendered":"Hoy por Hoy Benidorm desde el CEIP Els Tolls con motivo de su Semana Cultural"},"content":{"rendered":"  <p>Benidorm<\/p>   <p>Hoy por Hoy Benidorm ha abandonado, por un d\u00eda, los estudios de Radio Benidorm SER <a href=\"https:\/\/cadenaser.com\/tag\/benidorm\/a\/\" target=\"_blank\" rel=\"noopener\">para desplazarse al CEIP Els Tolls de Benidorm y vivir, como un alumno m\u00e1s, su Semana Cultural que este a\u00f1o celebra su XXVI edici\u00f3n<\/a>.<\/p>   <p>Juegos tradicionales, actividades deportivas, talleres educativos, excursiones o retos de concentraci\u00f3n y punter\u00eda conforman alguno de los 19 talleres diferentes que la Comisi\u00f3n de la Semana Cultural del centro ha preparado y que se desarrollan a lo largo de toda esta semana.<\/p>   <p>Adem\u00e1s, como novedad, este a\u00f1o los alumnos tienen libertad para decidir a qu\u00e9 taller se apuntan y cuando quieren participar. El equipo docente del centro se encarga de que ning\u00fan ni\u00f1o se quede \u00abdescolgado\u00bb en alg\u00fan taller, que no repitan actividad y que todos los alumnos vayan pasando por distintas disciplinas.<\/p>  <p><p>M\u00e1s informaci\u00f3n<\/p><figure><img decoding=\"async\" src=\"https:\/\/cadenaser.com\/resizer\/vLGv4a33XXIhloDNsF-OqqFfjQg=\/650x366\/filters:quality(70):focal(415x313:425x323)\/cloudfront-eu-central-1.images.arcpublishing.com\/prisaradio\/G2VKOX4ON5GLXAJPV2SOQY5P5Y.jpg\" loading=\"lazy\" width=\"828\" height=\"621\" \/><\/figure><ul><li><a href=\"https:\/\/cadenaser.com\/comunitat-valenciana\/2024\/03\/22\/semana-santa-2024-en-benidorm-horario-y-recorrido-de-las-procesiones-radio-benidorm\/\">Semana Santa 2024 en Benidorm: horario y recorrido de las procesiones<\/a><\/li><\/ul><\/p>   <p>El director del centro Marco Gay\u00e1, la jefa de estudios, Virginia Rodr\u00edguez y la secretaria, Ang\u00e9lica P\u00e9rez, nos cuentan como se gestiona \u00abel colegio m\u00e1s grande de Benidorm\u00bb, que cuenta con m\u00e1s de 651 alumnos repartidos en tres l\u00edneas y atendidos por 55 docentes.<\/p>   <p>La Semana Cultural cuenta con actividades adaptadas seg\u00fan la tipolog\u00eda de alumnado. La maestra de Infantil Neus Fortea nos detalla las actividades dise\u00f1adas para los m\u00e1s peque\u00f1os y que buscan \u00abrecuperar juegos cl\u00e1sicos de toda la vida para que los conozcan\u00bb. El alumno de Infantil de 4 a\u00f1os, Mauro Hurtado, \u00abque ya tiene 5 a\u00f1os\u00bb nos explica que, adem\u00e1s de jugar con los compa\u00f1eros de clase tambi\u00e9n ayuda a los alumnos m\u00e1s peque\u00f1os, de 3 a\u00f1os, a integrarse en el juego. Asimismo, el ex alumno de Els Tolls, David Carre\u00f1o, nos ha contado c\u00f3mo fueron sus a\u00f1os de estudiante en el centro y c\u00f3mo ha crecido y ha logrado convertirse en jugador de balonmano con el Granollers, llegando a entrenar, incluso, con el primer equipo.<\/p>   <p>En Primaria las actividades y talleres las coordinan Miguel \u00c1ngel Barrero y Yaiza Riera que se\u00f1alan que este a\u00f1o la Semana Cultural tiene como tem\u00e1tica principal las olimpiadas y paralimpiadas. \u00abDecidimos este a\u00f1o que los alumnos pudieran elegir libremente los talleres y estamos muy contentos, porque est\u00e1 funcionando muy bien\u00bb, se\u00f1alan.<\/p>   <p>Tambi\u00e9n han pasado por los micros de Hoy por Hoy Benidorm los alumnos de sexto de Primaria, Candela, Ania, Daniel, Samar, Julia y \u00c1lvaro, que nos han contado c\u00f3mo se organizan con sus amigos para elegir actividad o taller. Hemos conocido, adem\u00e1s, a Justi Soto, la conserje del centro desde hace d\u00e9cadas y una de las personas m\u00e1s queridas y respetadas por los ni\u00f1os.<\/p>   <p>Por \u00faltimo el maestro de educaci\u00f3n f\u00edsica, Luis Cardona, y la maestra del CEIP Vasco N\u00fa\u00f1ez de Balboa y colaboradora de la secci\u00f3n Educando en Inclusi\u00f3n de Hoy por Hoy Benidorm, nos han asegurado que la relaci\u00f3n del profesorado entre los distintos centros educativos de Benidorm es \u00abexcelente\u00bb y que la interacci\u00f3n es \u00abconstante\u00bb, por lo que muchas de las iniciativas \u00abque surgen en un colegio luego se van trasladando a otros y, al final, nos beneficiamos todos\u00bb.<\/p> ","protected":false},"excerpt":{"rendered":"<p>Alumnos, ex alumnos, profesores y personal del centro nos cuentan c\u00f3mo se implican todos en las actividades<\/p>\n","protected":false},"author":0,"featured_media":3534,"comment_status":"open","ping_status":"open","sticky":false,"template":"","format":"standard","meta":{"_acf_changed":false,"footnotes":""},"categories":[1],"tags":[],"class_list":["post-3533","post","type-post","status-publish","format-standard","has-post-thumbnail","hentry","category-sin-categoria"],"acf":{"ser_id":"UY5HNUIGLZEDDN3D4Y2TZWYZPQ","ser_url":"https:\/\/cadenaser.com\/comunitat-valenciana\/2024\/03\/26\/hoy-por-hoy-benidorm-sale-de-los-estudios-y-se-traslada-al-ceip-els-tolls-con-motivo-de-su-xxvi-semana-cultural-radio-benidorm\/"},"_links":{"self":[{"href":"https:\/\/serbenidorm.daliisolutions.com\/index.php\/wp-json\/wp\/v2\/posts\/3533","targetHints":{"allow":["GET"]}}],"collection":[{"href":"https:\/\/serbenidorm.daliisolutions.com\/index.php\/wp-json\/wp\/v2\/posts"}],"about":[{"href":"https:\/\/serbenidorm.daliisolutions.com\/index.php\/wp-json\/wp\/v2\/types\/post"}],"replies":[{"embeddable":true,"href":"https:\/\/serbenidorm.daliisolutions.com\/index.php\/wp-json\/wp\/v2\/comments?post=3533"}],"version-history":[{"count":0,"href":"https:\/\/serbenidorm.daliisolutions.com\/index.php\/wp-json\/wp\/v2\/posts\/3533\/revisions"}],"wp:featuredmedia":[{"embeddable":true,"href":"https:\/\/serbenidorm.daliisolutions.com\/index.php\/wp-json\/wp\/v2\/media\/3534"}],"wp:attachment":[{"href":"https:\/\/serbenidorm.daliisolutions.com\/index.php\/wp-json\/wp\/v2\/media?parent=3533"}],"wp:term":[{"taxonomy":"category","embeddable":true,"href":"https:\/\/serbenidorm.daliisolutions.com\/index.php\/wp-json\/wp\/v2\/categories?post=3533"},{"taxonomy":"post_tag","embeddable":true,"href":"https:\/\/serbenidorm.daliisolutions.com\/index.php\/wp-json\/wp\/v2\/tags?post=3533"}],"curies":[{"name":"wp","href":"https:\/\/api.w.org\/{rel}","templated":true}]}}