{"id":3539,"date":"2024-03-26T19:18:38","date_gmt":"2024-03-26T18:18:38","guid":{"rendered":"https:\/\/serbenidorm.daliisolutions.com\/index.php\/2024\/03\/26\/benidorm-se-ahorra-mas-de-700-000-euros-en-la-compensacion-a-la-empresa-de-la-zona-azul-por-la-pandemia\/"},"modified":"2024-03-26T19:18:38","modified_gmt":"2024-03-26T18:18:38","slug":"benidorm-se-ahorra-mas-de-700-000-euros-en-la-compensacion-a-la-empresa-de-la-zona-azul-por-la-pandemia","status":"publish","type":"post","link":"https:\/\/serbenidorm.daliisolutions.com\/index.php\/2024\/03\/26\/benidorm-se-ahorra-mas-de-700-000-euros-en-la-compensacion-a-la-empresa-de-la-zona-azul-por-la-pandemia\/","title":{"rendered":"Benidorm se ahorra m\u00e1s de 700.000 euros en la compensaci\u00f3n a la empresa de la zona azul por la pandemia"},"content":{"rendered":"  <p>Benidorm<\/p>   <p>El Tribunal Superior de Justicia de la Comunidad Valenciana (TSJCV) ha fijado en 77.628 euros la compensaci\u00f3n que el Ayuntamiento de Benidorm debe abonar a la empresa concesionaria de la ORA en lugar de los 794.888 euros que reclamaba inicialmente la mercantil como compensaci\u00f3n por los efectos de la pandemia.<\/p>   <p>En una sentencia de 13 de marzo, el alto tribunal da la raz\u00f3n al Consistorio y estima, parcialmente, el recurso de apelaci\u00f3n presentado por la administraci\u00f3n benidormense contra la reclamaci\u00f3n de  la UTE concesionaria por el desequilibrio econ\u00f3mico sufrido a ra\u00edz de la crisis del Covid-19.<\/p>   <p>La sentencia precisa que<a href=\"https:\/\/cadenaser.com\/tag\/benidorm\/a\/\" target=\"_blank\" rel=\"noopener\"> \u201cno hay duda de que una parte b\u00e1sica del contrato no se pudo poner en pr\u00e1ctica durante los primeros meses de restricci\u00f3n de la movilidad poblacional, pero no fue as\u00ed durante todo el per\u00edodo reclamado\u201d<\/a>, comprendido desde el 14 de marzo de  2020 al 9 de mayo de 2021. El alcalde, Toni P\u00e9rez, ha explicado que \u201cla sentencia indica que el \u00e1mbito temporal que deber\u00eda ser reclamado por la UTE es el comprendido entre el 14 de marzo y el 21  de junio\u201d del 2020.<\/p>  <p><p>M\u00e1s informaci\u00f3n<\/p><figure><img decoding=\"async\" src=\"https:\/\/cadenaser.com\/resizer\/Vl8DLp9_4P5BAwU6diuiw_G8dk8=\/650x366\/filters:quality(70)\/cloudfront-eu-central-1.images.arcpublishing.com\/prisaradio\/CNRQ3KOON5CXLILG52R73WFMB4.jpg\" loading=\"lazy\" width=\"828\" height=\"621\" \/><\/figure><ul><li><a href=\"https:\/\/cadenaser.com\/comunitat-valenciana\/2024\/03\/26\/hoy-por-hoy-benidorm-sale-de-los-estudios-y-se-traslada-al-ceip-els-tolls-con-motivo-de-su-xxvi-semana-cultural-radio-benidorm\/\">Hoy por Hoy Benidorm desde el CEIP Els Tolls con motivo de su Semana Cultural<\/a><\/li><\/ul><\/p>   <p>Tras conocer la sentencia, el Ayuntamiento elevar\u00e1 al pleno ordinario de marzo, que se celebra ma\u00f1ana mi\u00e9rcoles 27 de marzo, una propuesta para aprobar una modificaci\u00f3n presupuestaria por  valor de 77.628 euros, la cantidad finalmente estipulada por el TSJCV. <\/p>   <p>Dicha partida saldr\u00e1 del Fondo de Contingencia para \u201creducir al m\u00e1ximo los posibles intereses de demora que es previsible que el demandante reclame con posterioridad\u201d, seg\u00fan informan desde el gobierno local.<\/p>   <p>Se abre ahora un plazo de 30 d\u00edas para que las partes recurran ante el Tribunal Supremo, si bien el Ayuntamiento no lo har\u00e1 porque \u201cel fallo es favorable a los intereses municipales\u201d.<\/p> ","protected":false},"excerpt":{"rendered":"<p>La mercantil, cuyo contrato rescindi\u00f3 el Ayuntamiento por incumplimientos, reclamaba inicialmente casi 800.000 euros por el desequilibrio econ\u00f3mico, pero el TSJCV establece la compensaci\u00f3n en algo m\u00e1s de 77.000<\/p>\n","protected":false},"author":0,"featured_media":3540,"comment_status":"open","ping_status":"open","sticky":false,"template":"","format":"standard","meta":{"_acf_changed":false,"footnotes":""},"categories":[1],"tags":[],"class_list":["post-3539","post","type-post","status-publish","format-standard","has-post-thumbnail","hentry","category-sin-categoria"],"acf":{"ser_id":"DDHO5GHWOJHQPC4F27AK3GUXHY","ser_url":"https:\/\/cadenaser.com\/comunitat-valenciana\/2024\/03\/26\/benidorm-se-ahorra-mas-de-700000-euros-en-la-compensacion-a-la-empresa-de-la-zona-azul-por-la-pandemia-radio-benidorm\/"},"_links":{"self":[{"href":"https:\/\/serbenidorm.daliisolutions.com\/index.php\/wp-json\/wp\/v2\/posts\/3539","targetHints":{"allow":["GET"]}}],"collection":[{"href":"https:\/\/serbenidorm.daliisolutions.com\/index.php\/wp-json\/wp\/v2\/posts"}],"about":[{"href":"https:\/\/serbenidorm.daliisolutions.com\/index.php\/wp-json\/wp\/v2\/types\/post"}],"replies":[{"embeddable":true,"href":"https:\/\/serbenidorm.daliisolutions.com\/index.php\/wp-json\/wp\/v2\/comments?post=3539"}],"version-history":[{"count":0,"href":"https:\/\/serbenidorm.daliisolutions.com\/index.php\/wp-json\/wp\/v2\/posts\/3539\/revisions"}],"wp:featuredmedia":[{"embeddable":true,"href":"https:\/\/serbenidorm.daliisolutions.com\/index.php\/wp-json\/wp\/v2\/media\/3540"}],"wp:attachment":[{"href":"https:\/\/serbenidorm.daliisolutions.com\/index.php\/wp-json\/wp\/v2\/media?parent=3539"}],"wp:term":[{"taxonomy":"category","embeddable":true,"href":"https:\/\/serbenidorm.daliisolutions.com\/index.php\/wp-json\/wp\/v2\/categories?post=3539"},{"taxonomy":"post_tag","embeddable":true,"href":"https:\/\/serbenidorm.daliisolutions.com\/index.php\/wp-json\/wp\/v2\/tags?post=3539"}],"curies":[{"name":"wp","href":"https:\/\/api.w.org\/{rel}","templated":true}]}}