{"id":3541,"date":"2024-03-26T19:18:40","date_gmt":"2024-03-26T18:18:40","guid":{"rendered":"https:\/\/serbenidorm.daliisolutions.com\/index.php\/2024\/03\/26\/solo-el-bm-cuenca-se-interpone-entre-el-tm-benidorm-y-la-fase-final-de-la-copa-del-rey\/"},"modified":"2024-03-26T19:18:40","modified_gmt":"2024-03-26T18:18:40","slug":"solo-el-bm-cuenca-se-interpone-entre-el-tm-benidorm-y-la-fase-final-de-la-copa-del-rey","status":"publish","type":"post","link":"https:\/\/serbenidorm.daliisolutions.com\/index.php\/2024\/03\/26\/solo-el-bm-cuenca-se-interpone-entre-el-tm-benidorm-y-la-fase-final-de-la-copa-del-rey\/","title":{"rendered":"S\u00f3lo el BM Cuenca se interpone entre el TM Benidorm y la fase final de la Copa del Rey"},"content":{"rendered":"  <p>Benidorm<\/p>   <p>La sede de la Real Federaci\u00f3n Espa\u00f1ola de Balonmano ha acogido en la tarde de este martes el sorteo de emparejamientos de la tercera ronda de la Copa del Rey, una fase a la que el primer equipo del <a href=\"https:\/\/cadenaser.com\/tag\/club_balonmano_benidorm\/a\/\" target=\"_blank\" rel=\"noopener\">Club Balonmano Benidorm<\/a> lleg\u00f3 tras <a href=\"https:\/\/cadenaser.com\/comunitat-valenciana\/2024\/03\/21\/el-tm-benidorm-se-impone-en-ibiza-y-ya-esta-en-tercera-ronda-de-copa-del-rey-radio-benidorm\/\" target=\"_blank\" rel=\"noopener\">deshacerse la pasada semana del BM Ibiza<\/a>. Ahora, y como \u00faltimo escollo para poder meterse en la fase final de esta competici\u00f3n, el TM Benidorm se las tendr\u00e1 que ver con el Cuenca, uno de sus rivales habituales e hist\u00f3ricos en la Liga Asobal.<\/p>   <p>Con el Bar\u00e7a y Logro\u00f1o ya clasificados de manera directa como campe\u00f3n y subcampe\u00f3n, respectivamente, de la pasada edici\u00f3n de la Copa del Rey, los de Sergio Carballeira se han fijado ahora como uno de sus grandes objetivos conseguir estar en esa fase final que, por el momento, sigue sin tener una sede definida.<\/p>   <p>Lo que s\u00ed que se sabe es que esa eliminatoria que enfrentar\u00e1 a los benidormenses con el Cuenca se disputar\u00e1 a partido \u00fanico en el Palau d\u2019Esports l\u2019Illa de Benidorm el pr\u00f3ximo d\u00eda 10 de abril.<\/p>   <p>En la primera vuelta de la presente edici\u00f3n de la Liga Asobal, <a href=\"https:\/\/cadenaser.com\/comunitat-valenciana\/2023\/11\/27\/el-tm-benidorm-tira-de-orgullo-para-imponerse-al-cuenca-radio-benidorm\/\" target=\"_blank\" rel=\"noopener\">el TM Benidorm se impuso, en partido que se tuvo que disputar en el Pabell\u00f3n Garganes de Altea, por 30-27<\/a> a Cuenca mientras que el partido de la segunda vuelta, que llevar\u00e1 a los de Carballeira al Pabell\u00f3n Municipal El Sagral, no se disputar\u00e1 hasta el d\u00eda 27 de abril.<\/p>   <p>Actualmente, el TM Benidorm ocupa la novena posici\u00f3n de la Liga Asobal con 21 puntos mientras que Cuenca es decimotercero con 18 puntos.<\/p> ","protected":false},"excerpt":{"rendered":"<p>La tercera ronda del torneo del KO se decidir\u00e1 a partido \u00fanico en el Palau d\u2019Esports el d\u00eda 10 de abril<\/p>\n","protected":false},"author":0,"featured_media":3542,"comment_status":"open","ping_status":"open","sticky":false,"template":"","format":"standard","meta":{"_acf_changed":false,"footnotes":""},"categories":[16],"tags":[],"class_list":["post-3541","post","type-post","status-publish","format-standard","has-post-thumbnail","hentry","category-deportes"],"acf":{"ser_id":"ZTR5OUZYCJD4PFTF7U2GRAZLCY","ser_url":"https:\/\/cadenaser.com\/comunitat-valenciana\/2024\/03\/26\/solo-el-bm-cuenca-se-interpone-entre-el-tm-benidorm-y-la-fase-final-de-la-copa-del-rey-radio-benidorm\/"},"_links":{"self":[{"href":"https:\/\/serbenidorm.daliisolutions.com\/index.php\/wp-json\/wp\/v2\/posts\/3541","targetHints":{"allow":["GET"]}}],"collection":[{"href":"https:\/\/serbenidorm.daliisolutions.com\/index.php\/wp-json\/wp\/v2\/posts"}],"about":[{"href":"https:\/\/serbenidorm.daliisolutions.com\/index.php\/wp-json\/wp\/v2\/types\/post"}],"replies":[{"embeddable":true,"href":"https:\/\/serbenidorm.daliisolutions.com\/index.php\/wp-json\/wp\/v2\/comments?post=3541"}],"version-history":[{"count":0,"href":"https:\/\/serbenidorm.daliisolutions.com\/index.php\/wp-json\/wp\/v2\/posts\/3541\/revisions"}],"wp:featuredmedia":[{"embeddable":true,"href":"https:\/\/serbenidorm.daliisolutions.com\/index.php\/wp-json\/wp\/v2\/media\/3542"}],"wp:attachment":[{"href":"https:\/\/serbenidorm.daliisolutions.com\/index.php\/wp-json\/wp\/v2\/media?parent=3541"}],"wp:term":[{"taxonomy":"category","embeddable":true,"href":"https:\/\/serbenidorm.daliisolutions.com\/index.php\/wp-json\/wp\/v2\/categories?post=3541"},{"taxonomy":"post_tag","embeddable":true,"href":"https:\/\/serbenidorm.daliisolutions.com\/index.php\/wp-json\/wp\/v2\/tags?post=3541"}],"curies":[{"name":"wp","href":"https:\/\/api.w.org\/{rel}","templated":true}]}}