{"id":3569,"date":"2024-03-27T13:37:24","date_gmt":"2024-03-27T12:37:24","guid":{"rendered":"https:\/\/serbenidorm.daliisolutions.com\/index.php\/2024\/03\/27\/ser-deportivos-marina-baixa-visita-el-colegio-mestre-gaspar-lopez\/"},"modified":"2024-03-27T13:37:24","modified_gmt":"2024-03-27T12:37:24","slug":"ser-deportivos-marina-baixa-visita-el-colegio-mestre-gaspar-lopez","status":"publish","type":"post","link":"https:\/\/serbenidorm.daliisolutions.com\/index.php\/2024\/03\/27\/ser-deportivos-marina-baixa-visita-el-colegio-mestre-gaspar-lopez\/","title":{"rendered":"SER Deportivos Marina Baixa visita el colegio Mestre Gaspar L\u00f3pez"},"content":{"rendered":"  <p>Benidorm<\/p>   <p>SER Deportivos Marina Baixa emiti\u00f3 este martes un programa especial desde las instalaciones del CEIP Mestre Gaspar L\u00f3pez de Benidorm. Como parte del espacio semanal que el programa deportivo de Radio Benidorm-Cadena SER dedica al deporte base, los alumnos del centro educativo de la ciudad de Benidorm fueron los protagonistas contando sus experiencias tanto en clase como en los clubes de la ciudad en los que forman parte de las categor\u00edas inferiores so\u00f1ando con poder defender, alg\u00fan d\u00eda, los colores de sus primeros equipos.<\/p> ","protected":false},"excerpt":{"rendered":"<p>Los alumnos del centro educativo de Benidorm fueron los protagonistas del programa especial dedicado al deporte base<\/p>\n","protected":false},"author":0,"featured_media":0,"comment_status":"open","ping_status":"open","sticky":false,"template":"","format":"standard","meta":{"_acf_changed":false,"footnotes":""},"categories":[16],"tags":[],"class_list":["post-3569","post","type-post","status-publish","format-standard","hentry","category-deportes"],"acf":{"ser_id":"E6L32CAH4RE23HL4GOBQ72TSVA","ser_url":"https:\/\/cadenaser.com\/comunitat-valenciana\/2024\/03\/27\/ser-deportivos-marina-baixa-visita-el-colegio-mestre-gaspar-lopez-radio-benidorm\/"},"_links":{"self":[{"href":"https:\/\/serbenidorm.daliisolutions.com\/index.php\/wp-json\/wp\/v2\/posts\/3569","targetHints":{"allow":["GET"]}}],"collection":[{"href":"https:\/\/serbenidorm.daliisolutions.com\/index.php\/wp-json\/wp\/v2\/posts"}],"about":[{"href":"https:\/\/serbenidorm.daliisolutions.com\/index.php\/wp-json\/wp\/v2\/types\/post"}],"replies":[{"embeddable":true,"href":"https:\/\/serbenidorm.daliisolutions.com\/index.php\/wp-json\/wp\/v2\/comments?post=3569"}],"version-history":[{"count":0,"href":"https:\/\/serbenidorm.daliisolutions.com\/index.php\/wp-json\/wp\/v2\/posts\/3569\/revisions"}],"wp:attachment":[{"href":"https:\/\/serbenidorm.daliisolutions.com\/index.php\/wp-json\/wp\/v2\/media?parent=3569"}],"wp:term":[{"taxonomy":"category","embeddable":true,"href":"https:\/\/serbenidorm.daliisolutions.com\/index.php\/wp-json\/wp\/v2\/categories?post=3569"},{"taxonomy":"post_tag","embeddable":true,"href":"https:\/\/serbenidorm.daliisolutions.com\/index.php\/wp-json\/wp\/v2\/tags?post=3569"}],"curies":[{"name":"wp","href":"https:\/\/api.w.org\/{rel}","templated":true}]}}