{"id":3655,"date":"2024-03-31T20:13:32","date_gmt":"2024-03-31T18:13:32","guid":{"rendered":"https:\/\/serbenidorm.daliisolutions.com\/index.php\/2024\/03\/31\/el-consell-valencia-de-la-joventut-denuncia-que-las-medidas-para-garantizar-el-acceso-a-la-vivienda-no-son-suficientes\/"},"modified":"2024-03-31T20:13:32","modified_gmt":"2024-03-31T18:13:32","slug":"el-consell-valencia-de-la-joventut-denuncia-que-las-medidas-para-garantizar-el-acceso-a-la-vivienda-no-son-suficientes","status":"publish","type":"post","link":"https:\/\/serbenidorm.daliisolutions.com\/index.php\/2024\/03\/31\/el-consell-valencia-de-la-joventut-denuncia-que-las-medidas-para-garantizar-el-acceso-a-la-vivienda-no-son-suficientes\/","title":{"rendered":"El Consell Valenci\u00e0 de la Joventut denuncia que las medidas para garantizar el acceso a la vivienda no son suficientes"},"content":{"rendered":"  <p>Val\u00e8ncia<\/p>   <p>El acceso a la vivienda es cada vez m\u00e1s dif\u00edcil para los j\u00f3venes valencianos. La situaci\u00f3n ya era mala hace un a\u00f1o, con solo el 15% de los menores de 30 a\u00f1os emancipados, pero seg\u00fan el Consell Valenci\u00e0 de la Joventut, ahora es todav\u00eda peor: los \u00faltimos datos del observatorio de emancipaci\u00f3n que har\u00e1n p\u00fablico en los pr\u00f3ximos d\u00edas reflejan que el porcentaje de salario que tienen que dedicar los j\u00f3venes para poder acceder a un alquiler es de casi el 92% del sueldo, un dato <a href=\"https:\/\/cadenaser.com\/comunitat-valenciana\/2024\/01\/16\/solo-15-de-cada-100-jovenes-en-la-comunitat-valenciana-viven-emancipados-de-sus-padres-y-su-salario-esta-por-debajo-de-la-media-de-espana-radio-valencia\/\" target=\"_blank\" rel=\"noopener\">que ya se reflejaba en el \u00faltimo observatori<\/a><a href=\"https:\/\/cadenaser.com\/comunitat-valenciana\/2024\/01\/16\/solo-15-de-cada-100-jovenes-en-la-comunitat-valenciana-viven-emancipados-de-sus-padres-y-su-salario-esta-por-debajo-de-la-media-de-espana-radio-valencia\/\" target=\"_blank\" rel=\"noopener\">o<\/a>. <\/p>   <p>Algo que hace casi imposible que puedan ser independientes econ\u00f3micamente y vivir en su propia casa. El Consell Valenci\u00e0 de la Joventut urge a las administraciones p\u00fablicas a aprobar medidas urgentes y a ampliar las ayudas al alquiler joven porque \u00absi no se toman medidas valientes -afirman- la situaci\u00f3n va a seguir empeorando\u00bb.<\/p>   <p>La vicepresidenta del Consell Valenci\u00e0 de la Joventut, Esther Mart\u00ednez, afirma en declaraciones a la Cadena SER que, seg\u00fan los datos que maneja esta entidad, la situaci\u00f3n de los j\u00f3venes en cuanto al acceso a la vivienda en la Comunitat Valenciana sigue empeorando. <\/p>   <p>Aunque ha aumentado cinco puntos la tasa de emancipaci\u00f3n juvenil, ahora mismo el porcentaje de sueldo que, de media, tienen que destinar al alquiler, es de casi el 92 por ciento, algo que hace \u00abtotalmente imposible\u00bb que puedan hacer frente a un alquiler en solitario. Mart\u00ednez pide a la Generalitat y los ayuntamientos <a href=\"https:\/\/cadenaser.com\/comunitat-valenciana\/2024\/01\/18\/el-consell-de-la-joventut-alerta-de-que-la-falta-de-proyecto-vital-de-los-jovenes-pasa-factura-en-su-salud-mental-radio-alicante\/\" target=\"_blank\" rel=\"noopener\">que escuchen a la juventud<\/a> y que sean conscientes de la gravedad de la situaci\u00f3n.<\/p>  <p><p class=\"tit\"><span>Esther Mart\u00ednez (CVJ): \u00abHa subido un 20% la cantidad que una persona debe destinar al alquiler en solitario\u00bb<\/span><\/p> <p class=\"emb\"><iframe loading=\"lazy\" src=\"https:\/\/cadenaser.com\/embed\/audio\/460\/1711712580517\/\" width=\"100%\" height=\"360\" frameborder=\"0\" allowfullscreen><\/iframe><\/p><\/p>   <p>Soluciones a corto y largo plazo<\/p>   <p>El Consell Valenci\u00e0 de la Joventut afirma que las soluciones pasan por aumentar el parque p\u00fablico de vivienda, pero reconoce que esas son pol\u00edticas a largo plazo que no resolver\u00e1n la situaci\u00f3n de forma inmediata, as\u00ed que tambi\u00e9n reclaman decisiones a corto plazo.<\/p>   <p>En concreto, piden que se aumente el presupuesto de las ayudas al alquiler joven, que en las \u00faltimas ediciones se ha agotado sin llegar a todos los posibles beneficiarios, y que se paguen esas subvenciones de forma m\u00e1s \u00e1gil. Esther Mart\u00ednez tambi\u00e9n cree que la soluci\u00f3n al problema de la vivienda pasa por limitar el precio del alquiler en las zonas m\u00e1s tensionadas.<\/p>  <p><p class=\"tit\"><span>Esther Mart\u00ednez (CVJ): \u00abVemos muy importante continuar con las ayudas al bono del alquiler joven\u00bb<\/span><\/p> <p class=\"emb\"><iframe loading=\"lazy\" src=\"https:\/\/cadenaser.com\/embed\/audio\/460\/1711712576078\/\" width=\"100%\" height=\"360\" frameborder=\"0\" allowfullscreen><\/iframe><\/p><\/p>   <p>Esta entidad ya ha pedido a la Generalitat que se convoque una reuni\u00f3n con todos los agentes implicados para tratar de buscar soluciones: el Consell Valenci\u00e0 de la Joventut insiste en que van a seguir reivindicando soluciones ante la situaci\u00f3n de los j\u00f3venes.<\/p>   <p>Medidas de las administraciones<\/p>   <p>La Generalitat ha anunciado esta semana, tras reunirse con la Plataforma de Afectados por la Hipoteca, que mantiene el compromiso de construir 10.000 viviendas p\u00fablicas en esta legislatura, aunque todav\u00eda no da plazos para este plan. Mientras tanto, algunos ayuntamientos ya han empezado a tomar decisiones, como es el caso de Gandia, que esta semana ha presentado un plan de acceso a la vivienda con medidas de todo tipo, entre las que se encuentran la de <a href=\"https:\/\/cadenaser.com\/comunitat-valenciana\/2024\/03\/21\/el-ayuntamiento-de-gandia-se-presentara-como-avalista-en-los-contratos-de-alquiler-de-vivienda-radio-gandia\/\" target=\"_blank\" rel=\"noopener\">avalar a los j\u00f3venes que necesiten alquilar<\/a>, o facilitar la construcci\u00f3n de vivienda p\u00fablica.<\/p> ","protected":false},"excerpt":{"rendered":"<p>Reclaman medidas a corto plazo para solucionar una situaci\u00f3n que impide a muchos j\u00f3venes poder independizarse<\/p>\n","protected":false},"author":0,"featured_media":3656,"comment_status":"open","ping_status":"open","sticky":false,"template":"","format":"standard","meta":{"_acf_changed":false,"footnotes":""},"categories":[1],"tags":[],"class_list":["post-3655","post","type-post","status-publish","format-standard","has-post-thumbnail","hentry","category-sin-categoria"],"acf":{"ser_id":"Q6JNIUPYGZG6ZPC44P75S5SROU","ser_url":"https:\/\/cadenaser.com\/comunitat-valenciana\/2024\/03\/31\/el-consell-valencia-de-la-joventut-denuncia-que-las-medidas-para-garantizar-el-acceso-a-la-vivienda-no-son-suficientes-radio-valencia\/"},"_links":{"self":[{"href":"https:\/\/serbenidorm.daliisolutions.com\/index.php\/wp-json\/wp\/v2\/posts\/3655","targetHints":{"allow":["GET"]}}],"collection":[{"href":"https:\/\/serbenidorm.daliisolutions.com\/index.php\/wp-json\/wp\/v2\/posts"}],"about":[{"href":"https:\/\/serbenidorm.daliisolutions.com\/index.php\/wp-json\/wp\/v2\/types\/post"}],"replies":[{"embeddable":true,"href":"https:\/\/serbenidorm.daliisolutions.com\/index.php\/wp-json\/wp\/v2\/comments?post=3655"}],"version-history":[{"count":0,"href":"https:\/\/serbenidorm.daliisolutions.com\/index.php\/wp-json\/wp\/v2\/posts\/3655\/revisions"}],"wp:featuredmedia":[{"embeddable":true,"href":"https:\/\/serbenidorm.daliisolutions.com\/index.php\/wp-json\/wp\/v2\/media\/3656"}],"wp:attachment":[{"href":"https:\/\/serbenidorm.daliisolutions.com\/index.php\/wp-json\/wp\/v2\/media?parent=3655"}],"wp:term":[{"taxonomy":"category","embeddable":true,"href":"https:\/\/serbenidorm.daliisolutions.com\/index.php\/wp-json\/wp\/v2\/categories?post=3655"},{"taxonomy":"post_tag","embeddable":true,"href":"https:\/\/serbenidorm.daliisolutions.com\/index.php\/wp-json\/wp\/v2\/tags?post=3655"}],"curies":[{"name":"wp","href":"https:\/\/api.w.org\/{rel}","templated":true}]}}