{"id":3688,"date":"2024-04-02T12:51:03","date_gmt":"2024-04-02T10:51:03","guid":{"rendered":"https:\/\/serbenidorm.daliisolutions.com\/index.php\/2024\/04\/02\/fuster-hosbec-hay-personas-que-cada-dia-nos-piden-compatibilizar-alguna-paga-o-subsidio-con-pagos-en-negro\/"},"modified":"2024-04-02T12:51:03","modified_gmt":"2024-04-02T10:51:03","slug":"fuster-hosbec-hay-personas-que-cada-dia-nos-piden-compatibilizar-alguna-paga-o-subsidio-con-pagos-en-negro","status":"publish","type":"post","link":"https:\/\/serbenidorm.daliisolutions.com\/index.php\/2024\/04\/02\/fuster-hosbec-hay-personas-que-cada-dia-nos-piden-compatibilizar-alguna-paga-o-subsidio-con-pagos-en-negro\/","title":{"rendered":"Fuster (Hosbec): \u00abHay personas que, cada d\u00eda, nos piden compatibilizar alguna paga o subsidio con pagos en negro\u00bb"},"content":{"rendered":"  <p>Valencia<\/p>   <p>Hace una semana les cont\u00e1bamos en la SER, que la Comunitat Valenciana<a href=\"https:\/\/cadenaser.com\/comunitat-valenciana\/2024\/03\/27\/las-empresas-de-turismo-y-hosteleria-contratan-menos-refuerzos-para-semana-santa-y-lamentan-que-no-encuentran-personal-radio-valencia\/\" target=\"_blank\" rel=\"noopener\"> se enfrentaba a la campa\u00f1a hotelera y tur\u00edstica de Semana Santa<\/a> pendiente de la previsi\u00f3n meteorol\u00f3gica. Las lluvias que se preve\u00edan para los d\u00edas festivos ralentizaban el ritmo de reservas en hoteles, que no superaban, en ese momento, el 70-73%. Vamos a comprobar c\u00f3mo han ido estos d\u00edas finalmente, de la mano de la patronal Hosbec (Asociaci\u00f3n Empresarial Hotelera y Tur\u00edstica de la Comunidad Valenciana), cuyo presidente, Fede Fuster, se asoma a la Ventana Comunitat Valenciana. \u00abHa ido muy bien las ciudades, destinos urbanos, tambi\u00e9n en el interior, pero lo que es el sol y playa, donde est\u00e1 el grueso del turismo en la Comunitat nos hemos quedado por debajo de lo que fue el a\u00f1o pasado, entre el 75% y el 80%\u00bb.<\/p>   <p>Con esas previsiones era normal \u00abaunque luego han sido menos malas y se ha podido paliar algo, pero en Benidorm hemos estado (a falta de los datos oficiales) en torno al 76-77% y ciudades como Altea o Calpe han estado por debajo del 87% del a\u00f1o pasado\u00bb, explica Fuster que a\u00fan teniendo mejor tiempo que en otros destinos, \u00ablas previsiones han fallado\u00bb.<\/p>   <p>Se puede confirmar, pues, que las contrataciones no han sido tan importantes como otros a\u00f1os. \u00abClaro, sobretodo en aquellos destinos de mucha terraza, de zonas exteriores, al final la gente cambia de destino o lo deja para m\u00e1s adelante y eso es lo bueno, por lo que esperamos tener un abril muy bueno como han sido enero y febrero\u00bb.<\/p>   <p>La econom\u00eda sumergida<\/p>   <p>Desde la patronal hotelera, Hosbec, lamentaban estos dias previos que tienen dificultades para encontrar gente para trabajar a pesar, dec\u00eda su secretaria general, de que las condiciones del sector son buenas y se tiende cada vez m\u00e1s a desestacionalizar el empleo. Pero los sindicatos, UGT y CCOO, aseguran que, en general, ni el <a href=\"https:\/\/cadenaser.com\/comunitat-valenciana\/2024\/03\/28\/los-sindicatos-sobre-la-falta-de-profesionales-en-turismo-la-ley-de-la-oferta-y-la-demanda-sirve-para-todo-no-solo-para-subir-precios-un-30-radio-valencia\/\" target=\"_blank\" rel=\"noopener\">empleo en el sector tur\u00edstico es de calidad ni es estable<\/a>, que solo en destinos urbanos, como Val\u00e8ncia, se camina hacia cierta calidad en el empleo. En el resto, no solo se mantienen los contratos fijos discontinuos sino que se acortan este a\u00f1o, porque la Semana Santa est\u00e1 tan lejos del verano que, durante abril y mayo, muchos profesionales se quedar\u00e1n sin trabajar. \u00abBueno, esto va por destinos, en Val\u00e8ncia es m\u00e1s estable como lo es la provincia de Alicante, estan abiertos casi todo el a\u00f1o,en la \u00fanica zona donde hay menos mercado internacional es Castell\u00f3n, depende mucho del nacional, y cierra gran parte de invierno pero esto va cambiando. Ojal\u00e1 pudieramos hacer milagros. De todas formas, esa falta de mano de obra no solo la notamos en el sector tur\u00edstico, lo vemos en la construcci\u00f3n, en el sector del autom\u00f3vil, es un tema poblacional. Los sindicatos intentan hacer su trabajo, mejorar los sueldos, pero este relato no es verdad\u00bb, sostiene Fuster, que insiste en que las condiciones con el convenio colectivo, en las tres provincias, son buenas. \u00abPero no hay gente, ya no es falta de personal cualificado, es que no hay y la realidad es que la econom\u00eda sumergida es muy importante. De hecho, la legislaci\u00f3n nos obliga a tener un buz\u00f3n de denuncias, lo que est\u00e1 muy bien, para que cualquier trabajador, proveedor o cliente pueda denunciar a la empresa por cualquier pr\u00e1ctica que consideren ilegal pero las empresas reclamamos hacer esas denuncias porque nos encontramos diariamente personas que se nos sientan en RRHH, que hacen entrevistas de trabajo y que nos piden compatibilizar alguna paga o subsidio con pagos en negro y eso es totalmente inadmisible y esto se debe articular mejor porque luego esas denuncias no llegan a ning\u00fan sitio\u00bb, reclama el dirigente de la patronal hotelera.<\/p> ","protected":false},"excerpt":{"rendered":"<p>El presidente de la patronal hotelera analiza los datos de Semana Santa en la Comunitat y la falta de mano de obra <\/p>\n","protected":false},"author":0,"featured_media":3689,"comment_status":"open","ping_status":"open","sticky":false,"template":"","format":"standard","meta":{"_acf_changed":false,"footnotes":""},"categories":[1],"tags":[],"class_list":["post-3688","post","type-post","status-publish","format-standard","has-post-thumbnail","hentry","category-sin-categoria"],"acf":{"ser_id":"MZBQOO32XZGVBAKSGNEFAPYKH4","ser_url":"https:\/\/cadenaser.com\/comunitat-valenciana\/2024\/04\/01\/fuster-hosbec-cada-dia-hay-personas-que-nos-piden-compatibilizar-alguna-paga-o-subsidio-con-pagos-en-negro-radio-valencia\/"},"_links":{"self":[{"href":"https:\/\/serbenidorm.daliisolutions.com\/index.php\/wp-json\/wp\/v2\/posts\/3688","targetHints":{"allow":["GET"]}}],"collection":[{"href":"https:\/\/serbenidorm.daliisolutions.com\/index.php\/wp-json\/wp\/v2\/posts"}],"about":[{"href":"https:\/\/serbenidorm.daliisolutions.com\/index.php\/wp-json\/wp\/v2\/types\/post"}],"replies":[{"embeddable":true,"href":"https:\/\/serbenidorm.daliisolutions.com\/index.php\/wp-json\/wp\/v2\/comments?post=3688"}],"version-history":[{"count":0,"href":"https:\/\/serbenidorm.daliisolutions.com\/index.php\/wp-json\/wp\/v2\/posts\/3688\/revisions"}],"wp:featuredmedia":[{"embeddable":true,"href":"https:\/\/serbenidorm.daliisolutions.com\/index.php\/wp-json\/wp\/v2\/media\/3689"}],"wp:attachment":[{"href":"https:\/\/serbenidorm.daliisolutions.com\/index.php\/wp-json\/wp\/v2\/media?parent=3688"}],"wp:term":[{"taxonomy":"category","embeddable":true,"href":"https:\/\/serbenidorm.daliisolutions.com\/index.php\/wp-json\/wp\/v2\/categories?post=3688"},{"taxonomy":"post_tag","embeddable":true,"href":"https:\/\/serbenidorm.daliisolutions.com\/index.php\/wp-json\/wp\/v2\/tags?post=3688"}],"curies":[{"name":"wp","href":"https:\/\/api.w.org\/{rel}","templated":true}]}}