{"id":3690,"date":"2024-04-02T12:51:04","date_gmt":"2024-04-02T10:51:04","guid":{"rendered":"https:\/\/serbenidorm.daliisolutions.com\/index.php\/2024\/04\/02\/el-paro-bajo-en-benidorm-y-la-marina-baixa-durante-marzo-en-389-personas\/"},"modified":"2024-04-02T12:51:04","modified_gmt":"2024-04-02T10:51:04","slug":"el-paro-bajo-en-benidorm-y-la-marina-baixa-durante-marzo-en-389-personas","status":"publish","type":"post","link":"https:\/\/serbenidorm.daliisolutions.com\/index.php\/2024\/04\/02\/el-paro-bajo-en-benidorm-y-la-marina-baixa-durante-marzo-en-389-personas\/","title":{"rendered":"El paro baj\u00f3 en Benidorm y la Marina Baixa durante marzo en 389 personas"},"content":{"rendered":"  <p>Benidorm<\/p>   <p>El tir\u00f3n de la Semana Santa, primer eslab\u00f3n de la temporada alta del sector tur\u00edstico, ha llevado a Benidorm y la Marina Baixa a un nuevo descenso del paro durante marzo. En l\u00ednea con el dato nacional el desempleo en la comarca se ha reducido por segundo mes consecutivo en, en este caso en 389 personas.<\/p>   <p><a href=\"https:\/\/cadenaser.com\/tag\/comarca_la_marina_baixa\/a\/\" target=\"_blank\" rel=\"noopener\">De las 5.431 nuevas contrataciones el 90 % han sido en el sector servicios y el 58 % son contratos indefinidos<\/a>. En ambos datos pone el acento la secretaria general de UGT en l&#8217;Alacant\u00ed y las Marinas Yolanda D\u00edaz: \u00abLa reforma laboral est\u00e1 cumpliendo con el objetivo de reducir el uso y el abuso de la temporalidad y el aumento de los salarios est\u00e1 incentivando el consumo\u00bb, celebra.<\/p>  <p><p>M\u00e1s informaci\u00f3n<\/p><figure><img decoding=\"async\" src=\"https:\/\/cadenaser.com\/resizer\/A97oZK2w4tq-VH1CyBGLGSbT-JM=\/650x366\/filters:quality(70)\/cloudfront-eu-central-1.images.arcpublishing.com\/prisaradio\/DXAPRMH4MZBUDCZI2PWECCCTJA.jpg\" loading=\"lazy\" width=\"828\" height=\"621\" \/><\/figure><ul><li><a href=\"https:\/\/cadenaser.com\/comunitat-valenciana\/2024\/04\/01\/fuster-hosbec-cada-dia-hay-personas-que-nos-piden-compatibilizar-alguna-paga-o-subsidio-con-pagos-en-negro-radio-valencia\/\">Fuster (Hosbec): \u00abHay personas que, cada d\u00eda, nos piden compatibilizar alguna paga o subsidio con pagos en negro\u00bb<\/a><\/li><\/ul><\/p>   <p>Con todo abril ha empezado con 9.573 inscritos en b\u00fasqueda de trabajo en las oficinas del Servicio Valenciano de Empleo (LABORA). De ellos el 83 % est\u00e1n registrados precisamente en esa actividad mayoritaria, la de los servicios, alcanzando las 7.954 personas; mientras que son 895 en construcci\u00f3n, 312 en industria o 162 en agricultura. En este \u00faltimo mes se han producido, por otro lado, 5.431 contrataciones<\/p>   <p>El paro por municipios<\/p>   <p><li>En <a href=\"https:\/\/cadenaser.com\/tag\/benidorm\/a\/\" target=\"_blank\" rel=\"noopener\">Benidorm<\/a> hay 3.529 parados, 226 menos que al inicio del mes pasado<\/li><li>En <a href=\"https:\/\/cadenaser.com\/tag\/vila_joiosa\/a\/\" target=\"_blank\" rel=\"noopener\">La Vila Joiosa<\/a> 2.163, 96 menos<\/li><li>En <a href=\"https:\/\/cadenaser.com\/tag\/altea\/a\/\" target=\"_blank\" rel=\"noopener\">Altea<\/a> 1.140, 14 menos<\/li><li>En <a href=\"https:\/\/cadenaser.com\/tag\/lalfas_del_pi\/a\/\" target=\"_blank\" rel=\"noopener\">l\u2019Alf\u00e0s del Pi<\/a> 781, 13 menos<\/li><li>En <a href=\"https:\/\/cadenaser.com\/tag\/la_nucia\/a\/\" target=\"_blank\" rel=\"noopener\">La Nuc\u00eda<\/a> con 820, 10 desempleados menos<\/li><\/p>   <p>4.000 parados menos en la Comunitat Valenciana<\/p>   <p>Seg\u00fan los datos del paro registrado, el n\u00famero de personas desempleadas en marzo en el conjunto de la Comunitat Valenciana descendi\u00f3 en 3.998, un descenso del 1&#8217;22% respecto al mes anterior. <a href=\"https:\/\/cadenaser.com\/comunitat-valenciana\/2024\/04\/02\/servicios-y-agricultura-tiran-del-empleo-en-marzo-que-cierra-con-4000-desempleados-menos-en-la-comunitat-valenciana-radio-valencia\/\" target=\"_blank\" rel=\"noopener\">La cifra de parados es la m\u00e1s baja en un mes de marzo desde 2008<\/a>.<\/p>   <p>En concreto, los mayores descensos del paro se produjeron en el sector Servicios (una ca\u00edda del 1&#8217;55%) y en Agricultura (un 1&#8217;31%). El paro descendi\u00f3 tambi\u00e9n en el Colectivo Sin Empleo Anterior (0&#8217;56%) y en Industria (0&#8217;48%) y se mantuvo estable en Construcci\u00f3n (con un ligero incremento del 0&#8217;06%).<\/p>   <p>Por g\u00e9nero, el paro baj\u00f3 un poco m\u00e1s entre las mujeres (1&#8217;31%) que en los hombres (1&#8217;08%). A\u00fan as\u00ed, seis de cada diez personas paradas siguen siendo mujeres.<\/p> ","protected":false},"excerpt":{"rendered":"<p>En la comarca sigue habiendo 9.573 inscritos en las oficinas de empleo <\/p>\n","protected":false},"author":0,"featured_media":3691,"comment_status":"open","ping_status":"open","sticky":false,"template":"","format":"standard","meta":{"_acf_changed":false,"footnotes":""},"categories":[1],"tags":[],"class_list":["post-3690","post","type-post","status-publish","format-standard","has-post-thumbnail","hentry","category-sin-categoria"],"acf":{"ser_id":"CPSZST6TJVESFFCZYB56OGEEXY","ser_url":"https:\/\/cadenaser.com\/comunitat-valenciana\/2024\/04\/02\/el-paro-bajo-en-benidorm-y-la-marina-baixa-durante-marzo-en-389-personas-radio-benidorm\/"},"_links":{"self":[{"href":"https:\/\/serbenidorm.daliisolutions.com\/index.php\/wp-json\/wp\/v2\/posts\/3690","targetHints":{"allow":["GET"]}}],"collection":[{"href":"https:\/\/serbenidorm.daliisolutions.com\/index.php\/wp-json\/wp\/v2\/posts"}],"about":[{"href":"https:\/\/serbenidorm.daliisolutions.com\/index.php\/wp-json\/wp\/v2\/types\/post"}],"replies":[{"embeddable":true,"href":"https:\/\/serbenidorm.daliisolutions.com\/index.php\/wp-json\/wp\/v2\/comments?post=3690"}],"version-history":[{"count":0,"href":"https:\/\/serbenidorm.daliisolutions.com\/index.php\/wp-json\/wp\/v2\/posts\/3690\/revisions"}],"wp:featuredmedia":[{"embeddable":true,"href":"https:\/\/serbenidorm.daliisolutions.com\/index.php\/wp-json\/wp\/v2\/media\/3691"}],"wp:attachment":[{"href":"https:\/\/serbenidorm.daliisolutions.com\/index.php\/wp-json\/wp\/v2\/media?parent=3690"}],"wp:term":[{"taxonomy":"category","embeddable":true,"href":"https:\/\/serbenidorm.daliisolutions.com\/index.php\/wp-json\/wp\/v2\/categories?post=3690"},{"taxonomy":"post_tag","embeddable":true,"href":"https:\/\/serbenidorm.daliisolutions.com\/index.php\/wp-json\/wp\/v2\/tags?post=3690"}],"curies":[{"name":"wp","href":"https:\/\/api.w.org\/{rel}","templated":true}]}}