{"id":3699,"date":"2024-04-02T17:41:15","date_gmt":"2024-04-02T15:41:15","guid":{"rendered":"https:\/\/serbenidorm.daliisolutions.com\/index.php\/2024\/04\/02\/mariano-sanz-habla-de-los-cobardes-autores-de-los-actos-vandalicos-contra-los-jugadores-de-la-nucia\/"},"modified":"2024-04-02T17:41:15","modified_gmt":"2024-04-02T15:41:15","slug":"mariano-sanz-habla-de-los-cobardes-autores-de-los-actos-vandalicos-contra-los-jugadores-de-la-nucia","status":"publish","type":"post","link":"https:\/\/serbenidorm.daliisolutions.com\/index.php\/2024\/04\/02\/mariano-sanz-habla-de-los-cobardes-autores-de-los-actos-vandalicos-contra-los-jugadores-de-la-nucia\/","title":{"rendered":"Mariano Sanz habla de \u00ablos cobardes\u00bb autores de los actos vand\u00e1licos contra los jugadores de La Nuc\u00eda"},"content":{"rendered":"  <p>Benidorm<\/p>   <p>Por si los malos resultados deportivos no fuesen suficiente castigo para la muy tocada (en lo an\u00edmico) plantilla del C.F. La Nuc\u00eda, que este fin de semana vio matem\u00e1ticamente consumado el descenso a Tercera RFEF tras perder en Terrassa, sus integrantes se encontraron, al regreso de ese viaje, con la cara m\u00e1s execrable del deporte.<\/p>   <p>Tal y como ha informado el club a trav\u00e9s de un comunicado, los coches de los jugadores, que quedaron aparcados en un recinto cerrado de la Ciutat Esportiva Camilo Cano, aparecieron con las ruedas pinchadas a causa de un acto vand\u00e1lico a cuyos autores ya busca la Guardia Civil tras la denuncia interpuesta por la entidad y los propios afectados.<\/p>  <p><figure><img decoding=\"async\" src=\"https:\/\/cadenaser.com\/resizer\/xzTnBO_Mot1HYxxpkbg8_3AtRLw=\/650x488\/filters:quality(70)\/cloudfront-eu-central-1.images.arcpublishing.com\/prisaradio\/QPTHDR5WGJCP3ITJBCLUBNXNSU.jpg\" loading=\"lazy\" width=\"650\" height=\"488\" \/><figcaption class=\"fc\"><p><span>El coche de uno de los jugadores es retirado por la gr\u00faa<\/span><\/p><\/figcaption><\/figure><button>Ampliar<\/button><\/p>   <p>Una plantilla que, adem\u00e1s, lleva ya casi tres meses sin cobrar sus salarios, tal y como ha explicado su capit\u00e1n, Mariano Sanz, en una larga y sincera entrevista concedida a SER Deportivos Marina Baixa en la que, adem\u00e1s de ese acto condenable sucedido este fin de semana, da su punto de vista sobre todas las cuestiones deportivas y, sobre todo, extradeportivas que han llevado al equipo a su actual situaci\u00f3n.<\/p>   <p>Dolido y autocr\u00edtico, Sanz reconoce que el rendimiento de la plantilla ha quedado muy lejos de lo que \u00e9l mismo esperaba a principios de temporada y, sin buscar excusas, asume buena parte de la culpa de lo ocurrido.<\/p> ","protected":false},"excerpt":{"rendered":"<p>El equipo perdi\u00f3 en Terrassa y ya est\u00e1 matem\u00e1ticamente descendido | El capit\u00e1n de los rojillos habla claro sobre la situaci\u00f3n de la plantilla<\/p>\n","protected":false},"author":0,"featured_media":3700,"comment_status":"open","ping_status":"open","sticky":false,"template":"","format":"standard","meta":{"_acf_changed":false,"footnotes":""},"categories":[16],"tags":[],"class_list":["post-3699","post","type-post","status-publish","format-standard","has-post-thumbnail","hentry","category-deportes"],"acf":{"ser_id":"VZUO3P3NABH2VO36ONNBYVGZOI","ser_url":"https:\/\/cadenaser.com\/comunitat-valenciana\/2024\/04\/02\/mariano-sanz-habla-de-los-cobardes-autores-de-los-actos-vandalicos-contra-los-jugadores-de-la-nucia-radio-benidorm\/"},"_links":{"self":[{"href":"https:\/\/serbenidorm.daliisolutions.com\/index.php\/wp-json\/wp\/v2\/posts\/3699","targetHints":{"allow":["GET"]}}],"collection":[{"href":"https:\/\/serbenidorm.daliisolutions.com\/index.php\/wp-json\/wp\/v2\/posts"}],"about":[{"href":"https:\/\/serbenidorm.daliisolutions.com\/index.php\/wp-json\/wp\/v2\/types\/post"}],"replies":[{"embeddable":true,"href":"https:\/\/serbenidorm.daliisolutions.com\/index.php\/wp-json\/wp\/v2\/comments?post=3699"}],"version-history":[{"count":0,"href":"https:\/\/serbenidorm.daliisolutions.com\/index.php\/wp-json\/wp\/v2\/posts\/3699\/revisions"}],"wp:featuredmedia":[{"embeddable":true,"href":"https:\/\/serbenidorm.daliisolutions.com\/index.php\/wp-json\/wp\/v2\/media\/3700"}],"wp:attachment":[{"href":"https:\/\/serbenidorm.daliisolutions.com\/index.php\/wp-json\/wp\/v2\/media?parent=3699"}],"wp:term":[{"taxonomy":"category","embeddable":true,"href":"https:\/\/serbenidorm.daliisolutions.com\/index.php\/wp-json\/wp\/v2\/categories?post=3699"},{"taxonomy":"post_tag","embeddable":true,"href":"https:\/\/serbenidorm.daliisolutions.com\/index.php\/wp-json\/wp\/v2\/tags?post=3699"}],"curies":[{"name":"wp","href":"https:\/\/api.w.org\/{rel}","templated":true}]}}