{"id":37,"date":"2023-11-29T15:21:10","date_gmt":"2023-11-29T14:21:10","guid":{"rendered":"https:\/\/serbenidorm.daliisolutions.com\/index.php\/2023\/11\/29\/la-guardia-civil-y-la-policia-local-de-relleu-desmantelan-una-plantacion-de-marihuana-y-detienen-a-sus-responsables\/"},"modified":"2023-11-29T15:21:10","modified_gmt":"2023-11-29T14:21:10","slug":"la-guardia-civil-y-la-policia-local-de-relleu-desmantelan-una-plantacion-de-marihuana-y-detienen-a-sus-responsables","status":"publish","type":"post","link":"https:\/\/serbenidorm.daliisolutions.com\/index.php\/2023\/11\/29\/la-guardia-civil-y-la-policia-local-de-relleu-desmantelan-una-plantacion-de-marihuana-y-detienen-a-sus-responsables\/","title":{"rendered":"La Guardia Civil y la Polic\u00eda Local de Relleu desmantelan una plantaci\u00f3n de marihuana y detienen a sus responsables"},"content":{"rendered":" Relleu  La Guardia Civil y la Polic\u00eda Local de Relleu, en el marco de la operaci\u00f3n <i>Pityama<\/i>, han detenido a dos personas y desmantelado una <a href=\"https:\/\/cadenaser.com\/tag\/relleu\/a\/\" target=\"_blank\" rel=\"noopener\">plantaci\u00f3n de marihuana en una partida rural de esta localidad<\/a>. Ambos arrestados han sido puestos a disposici\u00f3n judicial, quedando en libertad con medidas cautelares.  El pasado mes de octubre, la Guardia Civil, gracias a la colaboraci\u00f3n ciudadana, recibi\u00f3 informaci\u00f3n que indicaba la posible existencia de una plantaci\u00f3n de marihuana en el t\u00e9rmino municipal de Relleu. Tras un exhaustivo an\u00e1lisis de la documentaci\u00f3n obtenida, el Puesto de la Guardia Civil de Finestrat, en colaboraci\u00f3n con la Polic\u00eda Local de Relleu, dio inicio a esta operaci\u00f3n.  Ambos cuerpos policiales unieron esfuerzos, desplegando personal y recursos, lo que result\u00f3 en la localizaci\u00f3n exitosa de la plantaci\u00f3n de marihuana, ubicada en una de las partidas rurales del municipio.   <p>M\u00e1s informaci\u00f3n<\/p><figure><img decoding=\"async\" src=\"https:\/\/cadenaser.com\/resizer\/EBzoo2JPWcR6PsxBhW-J4hf6MCY=\/650x366\/filters:quality(70)\/cloudfront-eu-central-1.images.arcpublishing.com\/prisaradio\/EPJHJP4FL6ZXV54VMWQKNVC72Y.jpg\" loading=\"lazy\" width=\"828\" height=\"621\" \/><\/figure><ul><li><a href=\"https:\/\/cadenaser.com\/comunitat-valenciana\/2023\/11\/20\/fiscalia-pide-doce-anos-y-tres-meses-de-prision-para-tres-hombres-acusados-de-abusar-sexualmente-de-una-mujer-en-benidorm-radio-benidorm\/\">La v\u00edctima de una violaci\u00f3n grupal en Benidorm cree que le introdujeron droga en la bebida<\/a><\/li><\/ul>  Tras este cultivo ilegal, se encontraban dos personas, un hombre y una mujer de 35 y 42 a\u00f1os de edad respectivamente, ambos de nacionalidad holandesa sin antecedentes en Espa\u00f1a, los cuales pose\u00edan la propiedad en r\u00e9gimen de alquiler.  Una vez que se pudo confirmar la plantaci\u00f3n de marihuana desde el exterior de la parcela, el 23 de octubre, con el apoyo del Puesto Principal de Altea, se llev\u00f3 a cabo una entrada y registro en la misma. Ambos sospechosos fueron detenidos en el acto, siendo imputados el delito contra la salud p\u00fablica, espec\u00edficamente por el cultivo y la elaboraci\u00f3n de marihuana.  Como resultado del registro, se intervinieron 710 plantas de marihuana y 3.200 gramos de marihuana envasada y preparada para su venta. Adem\u00e1s, se incautaron dispositivos de telefon\u00eda m\u00f3vil, ordenadores port\u00e1tiles y libretas con anotaciones, que actualmente se encuentran en la fase de an\u00e1lisis.  Los detenidos junto con los efectos intervenidos, han sido puestos a disposici\u00f3n del Juzgado de Instrucci\u00f3n de Villajoyosa, el cual ha decretado la puesta en libertad de ambos con la imposici\u00f3n de medidas cautelares.  <div class=\"hd\"><p>Radio Benidorm<\/p><\/div><div class=\"lst lst-s\"><ul><li><div id=\"player-cadenaser_benidorm_hoyporhoybenidorm_20231129_122000_140000\" class=\"c-pl-a\"><button class=\"bt-pp\" data-audioid=\"cadenaser_benidorm_hoyporhoybenidorm_20231129_122000_140000\" data-type=\"aod\">Play<\/button><\/div><p title=\"Hoy por Hoy Benidorm (29\/11\/2023)\"><span>Hoy por Hoy Benidorm (29\/11\/2023)<\/span><span>01:40:00<!-- -->\u00a0|\u00a0<!-- -->Hoy por Hoy Benidorm<\/span><\/p><\/li><li><div id=\"player-1701090079280\" class=\"c-pl-a\"><button class=\"bt-pp\" data-audioid=\"1701090079280\" data-type=\"aod\">Play<\/button><\/div><p title=\"El secreto del punto del arroz con La Arrocer\u00eda de la Mejillonera en Benidorm\"><span>El secreto del punto del arroz con La Arrocer\u00eda de la Mejillonera en Benidorm<\/span><span>13:36<!-- -->\u00a0|\u00a0<!-- -->Hoy por Hoy Benidorm<\/span><\/p><\/li><li><div id=\"player-cadenaser_benidorm_hoyporhoymatinalbenidorm_20231129_082000_083000\" class=\"c-pl-a\"><button class=\"bt-pp\" data-audioid=\"cadenaser_benidorm_hoyporhoymatinalbenidorm_20231129_082000_083000\" data-type=\"aod\">Play<\/button><\/div><p title=\"Hoy por Hoy matinal Benidorm 8:20 (29\/11\/2023)\"><span>Hoy por Hoy matinal Benidorm 8:20 (29\/11\/2023)<\/span><span>10:00<!-- -->\u00a0|\u00a0<!-- -->Hoy por Hoy matinal Benidorm<\/span><\/p><\/li><li><div id=\"player-cadenaser_benidorm_hoyporhoymatinalbenidorm_20231129_072000_073000\" class=\"c-pl-a\"><button class=\"bt-pp\" data-audioid=\"cadenaser_benidorm_hoyporhoymatinalbenidorm_20231129_072000_073000\" data-type=\"aod\">Play<\/button><\/div><p title=\"Hoy por Hoy matinal Benidorm 7:20 (29\/11\/2023)\"><span>Hoy por Hoy matinal Benidorm 7:20 (29\/11\/2023)<\/span><span>10:00<!-- -->\u00a0|\u00a0<!-- -->Hoy por Hoy matinal Benidorm<\/span><\/p><\/li><li><div id=\"player-cadenaser_benidorm_laventanadelamarinabaixa_20231128_192000_194000\" class=\"c-pl-a\"><button class=\"bt-pp\" data-audioid=\"cadenaser_benidorm_laventanadelamarinabaixa_20231128_192000_194000\" data-type=\"aod\">Play<\/button><\/div><p title=\"La Ventana de la Marina Baixa (28\/11\/2023)\"><span>La Ventana de la Marina Baixa (28\/11\/2023)<\/span><span>20:00<!-- -->\u00a0|\u00a0<!-- -->La Ventana de la Marina Baixa<\/span><\/p><\/li><li><div id=\"player-cadenaser_benidorm_serdeportivosbenidorm_20231128_152000_160000\" class=\"c-pl-a\"><button class=\"bt-pp\" data-audioid=\"cadenaser_benidorm_serdeportivosbenidorm_20231128_152000_160000\" data-type=\"aod\">Play<\/button><\/div><p title=\"SER Deportivos Benidorm (28\/11\/2023)\"><span>SER Deportivos Benidorm (28\/11\/2023)<\/span><span>40:00<!-- -->\u00a0|\u00a0<!-- -->SER Deportivos Benidorm<\/span><\/p><\/li><li><div id=\"player-cadenaser_benidorm_hora14benidorm_20231128_141700_143000\" class=\"c-pl-a\"><button class=\"bt-pp\" data-audioid=\"cadenaser_benidorm_hora14benidorm_20231128_141700_143000\" data-type=\"aod\">Play<\/button><\/div><p title=\"Hora 14 Benidorm (28\/11\/2023)\"><span>Hora 14 Benidorm (28\/11\/2023)<\/span><span>13:00<!-- -->\u00a0|\u00a0<!-- -->Hora 14 Benidorm<\/span><\/p><\/li><li><div id=\"player-cadenaser_benidorm_hoyporhoybenidorm_20231128_122000_140000\" class=\"c-pl-a\"><button class=\"bt-pp\" data-audioid=\"cadenaser_benidorm_hoyporhoybenidorm_20231128_122000_140000\" data-type=\"aod\">Play<\/button><\/div><p title=\"Hoy por Hoy Benidorm (28\/11\/2023)\"><span>Hoy por Hoy Benidorm (28\/11\/2023)<\/span><span>01:40:00<!-- -->\u00a0|\u00a0<!-- -->Hoy por Hoy Benidorm<\/span><\/p><\/li><li><div id=\"player-1701175862565\" class=\"c-pl-a\"><button class=\"bt-pp\" data-audioid=\"1701175862565\" data-type=\"aod\">Play<\/button><\/div><p title=\"La Nuc\u00eda celebra su Feria de la Navidad del 1 al 3 de diciembre\"><span>La Nuc\u00eda celebra su Feria de la Navidad del 1 al 3 de diciembre<\/span><span>18:45<!-- -->\u00a0|\u00a0<!-- -->Hoy por Hoy Benidorm<\/span><\/p><\/li><li><div id=\"player-1701174842410\" class=\"c-pl-a\"><button class=\"bt-pp\" data-audioid=\"1701174842410\" data-type=\"aod\">Play<\/button><\/div><p title=\"Antonio Espinos nos cuenta la historia de una &quot;p\u00e1tera&quot; hallada en Allon,  la perla de la Marina Baixa\"><span>Antonio Espinos nos cuenta la historia de una &quot;p\u00e1tera&quot; hallada en Allon,  la perla de la Marina Baixa<\/span><span>21:27<!-- -->\u00a0|\u00a0<!-- -->Hoy por Hoy Benidorm<\/span><\/p><\/li><li><div id=\"player-1701174279553\" class=\"c-pl-a\"><button class=\"bt-pp\" data-audioid=\"1701174279553\" data-type=\"aod\">Play<\/button><\/div><p title=\"En Educando en Inclusi\u00f3n la maestra Sonia Montesinos nos habla sobre el uso racional de los elementos tecnol\u00f3gicos en la infancia y la adolescencia\"><span>En Educando en Inclusi\u00f3n la maestra Sonia Montesinos nos habla sobre el uso racional de los elementos tecnol\u00f3gicos en la infancia y la adolescencia<\/span><span>22:36<!-- -->\u00a0|\u00a0<!-- -->Hoy por Hoy Benidorm<\/span><\/p><\/li><li><div id=\"player-1701169563404\" class=\"c-pl-a\"><button class=\"bt-pp\" data-audioid=\"1701169563404\" data-type=\"aod\">Play<\/button><\/div><p title=\"La tertulia de La Ventana de la Marina Baixa (27\/11\/2023)\"><span>La tertulia de La Ventana de la Marina Baixa (27\/11\/2023)<\/span><span>39:36<!-- -->\u00a0|\u00a0<!-- -->La Ventana de la Marina Baixa<\/span><\/p><\/li><li><div id=\"player-cadenaser_benidorm_hoyporhoymatinalbenidorm_20231128_082000_083000\" class=\"c-pl-a\"><button class=\"bt-pp\" data-audioid=\"cadenaser_benidorm_hoyporhoymatinalbenidorm_20231128_082000_083000\" data-type=\"aod\">Play<\/button><\/div><p title=\"Hoy por Hoy matinal Benidorm 8:20 (28\/11\/2023)\"><span>Hoy por Hoy matinal Benidorm 8:20 (28\/11\/2023)<\/span><span>10:00<!-- -->\u00a0|\u00a0<!-- -->Hoy por Hoy matinal Benidorm<\/span><\/p><\/li><li><div id=\"player-cadenaser_benidorm_hoyporhoymatinalbenidorm_20231128_072000_073000\" class=\"c-pl-a\"><button class=\"bt-pp\" data-audioid=\"cadenaser_benidorm_hoyporhoymatinalbenidorm_20231128_072000_073000\" data-type=\"aod\">Play<\/button><\/div><p title=\"Hoy por Hoy matinal Benidorm 7:20 (28\/11\/2023)\"><span>Hoy por Hoy matinal Benidorm 7:20 (28\/11\/2023)<\/span><span>10:00<!-- -->\u00a0|\u00a0<!-- -->Hoy por Hoy matinal Benidorm<\/span><\/p><\/li><li><div id=\"player-cadenaser_benidorm_laventanadelamarinabaixa_20231127_192000_194000\" class=\"c-pl-a\"><button class=\"bt-pp\" data-audioid=\"cadenaser_benidorm_laventanadelamarinabaixa_20231127_192000_194000\" data-type=\"aod\">Play<\/button><\/div><p title=\"La Ventana de la Marina Baixa (27\/11\/2023)\"><span>La Ventana de la Marina Baixa (27\/11\/2023)<\/span><span>20:00<!-- -->\u00a0|\u00a0<!-- -->La Ventana de la Marina Baixa<\/span><\/p><\/li><\/ul><\/div> ","protected":false},"excerpt":{"rendered":"<p>Se han intervenido de 710 plantas de marihuana, 3.200 gramos de marihuana envasada, dispositivos de telefon\u00eda m\u00f3vil, ordenadores port\u00e1tiles y libretas con anotaciones<\/p>\n","protected":false},"author":0,"featured_media":38,"comment_status":"open","ping_status":"open","sticky":false,"template":"","format":"standard","meta":{"_acf_changed":false,"footnotes":""},"categories":[1],"tags":[],"class_list":["post-37","post","type-post","status-publish","format-standard","has-post-thumbnail","hentry","category-sin-categoria"],"acf":{"ser_id":"NEAUH6XJAFDZ5AEYPULWGUOKAU","ser_url":""},"_links":{"self":[{"href":"https:\/\/serbenidorm.daliisolutions.com\/index.php\/wp-json\/wp\/v2\/posts\/37","targetHints":{"allow":["GET"]}}],"collection":[{"href":"https:\/\/serbenidorm.daliisolutions.com\/index.php\/wp-json\/wp\/v2\/posts"}],"about":[{"href":"https:\/\/serbenidorm.daliisolutions.com\/index.php\/wp-json\/wp\/v2\/types\/post"}],"replies":[{"embeddable":true,"href":"https:\/\/serbenidorm.daliisolutions.com\/index.php\/wp-json\/wp\/v2\/comments?post=37"}],"version-history":[{"count":0,"href":"https:\/\/serbenidorm.daliisolutions.com\/index.php\/wp-json\/wp\/v2\/posts\/37\/revisions"}],"wp:featuredmedia":[{"embeddable":true,"href":"https:\/\/serbenidorm.daliisolutions.com\/index.php\/wp-json\/wp\/v2\/media\/38"}],"wp:attachment":[{"href":"https:\/\/serbenidorm.daliisolutions.com\/index.php\/wp-json\/wp\/v2\/media?parent=37"}],"wp:term":[{"taxonomy":"category","embeddable":true,"href":"https:\/\/serbenidorm.daliisolutions.com\/index.php\/wp-json\/wp\/v2\/categories?post=37"},{"taxonomy":"post_tag","embeddable":true,"href":"https:\/\/serbenidorm.daliisolutions.com\/index.php\/wp-json\/wp\/v2\/tags?post=37"}],"curies":[{"name":"wp","href":"https:\/\/api.w.org\/{rel}","templated":true}]}}