{"id":3707,"date":"2024-04-02T19:03:06","date_gmt":"2024-04-02T17:03:06","guid":{"rendered":"https:\/\/serbenidorm.daliisolutions.com\/index.php\/2024\/04\/02\/25-anos-de-carcel-en-total-para-los-tres-hombres-que-violaron-en-benidorm-a-una-turista-britanica-ebria\/"},"modified":"2024-04-02T19:03:06","modified_gmt":"2024-04-02T17:03:06","slug":"25-anos-de-carcel-en-total-para-los-tres-hombres-que-violaron-en-benidorm-a-una-turista-britanica-ebria","status":"publish","type":"post","link":"https:\/\/serbenidorm.daliisolutions.com\/index.php\/2024\/04\/02\/25-anos-de-carcel-en-total-para-los-tres-hombres-que-violaron-en-benidorm-a-una-turista-britanica-ebria\/","title":{"rendered":"25 a\u00f1os de c\u00e1rcel en total para los tres hombres que violaron en Benidorm a una turista brit\u00e1nica ebria"},"content":{"rendered":"  <p>Benidorm<\/p>   <p>La Audiencia de Alicante ha condenado a tres hombres a tres penas individuales de ocho a\u00f1os y seis meses de prisi\u00f3n por violar a una turista brit\u00e1nica que se encontraba en estado de inconsciencia provocado por la ingesta de alcohol en Benidorm.<\/p>   <p>La sentencia, dictada por un tribunal de la Secci\u00f3n Primera, considera a los tres procesados autores de un delito continuado de abuso sexual, as\u00ed como de otro delito de hurto, al considerar probado que, adem\u00e1s de abusar sexualmente de la mujer, le sustrajeron un reloj valorado en 210 euros y un anillo tasado en 287,90 euros.<\/p>   <p>Los hechos objeto de juicio tuvieron lugar en la noche del 1 al 2 de octubre de 2016, despu\u00e9s de que los tres encausados -un espa\u00f1ol y dos marroqu\u00edes- iniciasen una conversaci\u00f3n con la chica en las inmediaciones de un pub en el que ella se encontraba compartiendo una celebraci\u00f3n con otros miembros de su familia.<\/p>   <p>Seg\u00fan la sentencia, <a href=\"https:\/\/cadenaser.com\/tag\/benidorm\/a\/\" target=\"_blank\" rel=\"noopener\">los tres procesados, de 24, 33 y 34 a\u00f1os, respectivamente, en el momento de los hechos, aprovecharon que la chica se encontraba bajo los efectos del alcohol para conducirla hasta un parque situado en las inmediaciones de un campo de f\u00fatbol de Benidorm<\/a>. All\u00ed, la forzaron sin que ella pudiese expresar su consentimiento al encontrarse en estado de inconsciencia.<\/p>  <p><p>M\u00e1s informaci\u00f3n<\/p><figure><img decoding=\"async\" src=\"https:\/\/cadenaser.com\/resizer\/XS-Q10uP22Uy6lTSAEKQVgF8NRI=\/650x366\/filters:quality(70)\/cloudfront-eu-central-1.images.arcpublishing.com\/prisaradio\/OVQUWBYPQFFOXMDWWYCMMRHUTQ.jpeg\" loading=\"lazy\" width=\"828\" height=\"621\" \/><\/figure><ul><li><a href=\"https:\/\/cadenaser.com\/comunitat-valenciana\/2024\/03\/11\/nueve-anos-en-total-para-cinco-jovenes-franceses-que-abusaron-sexualmente-de-dos-chicas-en-su-piso-de-vacaciones-en-benidorm-radio-alicante\/\">Nueve a\u00f1os en total para cinco j\u00f3venes franceses que abusaron sexualmente de dos chicas en su piso de vacaciones en Benidorm<\/a><\/li><\/ul><\/p>   <p>Despu\u00e9s, la trasladaron en el veh\u00edculo de la pareja de uno de ellos hasta un descampado situado en los alrededores del rastro \u2018El Cisne\u2019 de Benidorm y all\u00ed la volvieron a violar, en un margen de cuatro horas entre las dos agresiones sexuales.<\/p>   <p>Finalmente, cuando uno de ellos trat\u00f3 de sacarla del veh\u00edculo, la mujer aprovech\u00f3 para huir y marcharse del lugar en busca de ayuda. En cuanto lleg\u00f3 al hotel en el que se hospedaba junto a su familia, le cont\u00f3 lo sucedido a su madre y acudieron a presentar denuncia.<\/p>   <p>Los condenados negaron los hechos<\/p>   <p>Los tres procesados negaron los abusos al prestar testimonio durante su declaraci\u00f3n en el juicio. No obstante, el tribunal confiri\u00f3 credibilidad al relato de la v\u00edctima al evaluar su verosimilitud y la persistencia de su relato manifestada desde la presentaci\u00f3n de la denuncia, a pesar de presentase algunas lagunas de memoria por el estado de inconsciencia en el que se encontraba.<\/p>   <p>En cualquier caso, el tribunal tiene en cuenta otras evidencias como pruebas de corroboraci\u00f3n perif\u00e9rica como el hecho de que se registrase una llamada telef\u00f3nica an\u00f3nima de aviso al 091 en la que se alertaba de la presencia de una mujer semidesnuda caminando por la carretera que comunicaba con el rastro en el que tuvo lugar la segunda violaci\u00f3n.<\/p>   <p>Adem\u00e1s, la sala tambi\u00e9n tiene en cuenta la declaraci\u00f3n de la madre de la v\u00edctima y el testimonio de los agentes que las atendieron al acudir a comisar\u00eda para registrar la denuncia.<\/p>   <p>Por todo ello, la sentencia impone a cada uno de los encausados la pena de ocho a\u00f1os y seis meses de prisi\u00f3n por un delito continuado de abuso sexual, tras aplicar la atenuante de dilaciones indebidas. Adem\u00e1s, tambi\u00e9n impone a los tres acusados la medida de alejamiento de 500 metros respecto a la v\u00edctima durante 10 a\u00f1os y la medida de libertad vigilada por un plazo de 7 a\u00f1os.<\/p>   <p>De igual modo, condena a cada uno de los tres encausados a otros seis meses de prisi\u00f3n por un delito de hurto.<\/p>   <p>Por \u00faltimo, establece que los procesados deber\u00e1n indemnizar conjunta y solidariamente a la v\u00edctima en la cantidad de 15.000 euros por los da\u00f1os ocasionados.<\/p>   <p>La sentencia es recurrible en apelaci\u00f3n ante el <a href=\"https:\/\/cadenaser.com\/tag\/tsjv_tribunal_superior_justicia_valencia\/a\/\" target=\"_blank\" rel=\"noopener\">Tribunal Superior de Justicia (TSJCV)<\/a> en el plazo de diez d\u00edas desde su notificaci\u00f3n.<\/p> ","protected":false},"excerpt":{"rendered":"<p>La agredieron sexualmente en dos ocasiones durante cuatro horas y le robaron un reloj y un anillo<\/p>\n","protected":false},"author":0,"featured_media":3708,"comment_status":"open","ping_status":"open","sticky":false,"template":"","format":"standard","meta":{"_acf_changed":false,"footnotes":""},"categories":[1],"tags":[],"class_list":["post-3707","post","type-post","status-publish","format-standard","has-post-thumbnail","hentry","category-sin-categoria"],"acf":{"ser_id":"JGXDW5TXI5ABZBHS5TW7RNITFI","ser_url":"https:\/\/cadenaser.com\/comunitat-valenciana\/2024\/04\/02\/25-anos-de-carcel-en-total-para-los-tres-hombres-que-violaron-en-benidorm-a-una-turista-britanica-ebria-radio-benidorm\/"},"_links":{"self":[{"href":"https:\/\/serbenidorm.daliisolutions.com\/index.php\/wp-json\/wp\/v2\/posts\/3707","targetHints":{"allow":["GET"]}}],"collection":[{"href":"https:\/\/serbenidorm.daliisolutions.com\/index.php\/wp-json\/wp\/v2\/posts"}],"about":[{"href":"https:\/\/serbenidorm.daliisolutions.com\/index.php\/wp-json\/wp\/v2\/types\/post"}],"replies":[{"embeddable":true,"href":"https:\/\/serbenidorm.daliisolutions.com\/index.php\/wp-json\/wp\/v2\/comments?post=3707"}],"version-history":[{"count":0,"href":"https:\/\/serbenidorm.daliisolutions.com\/index.php\/wp-json\/wp\/v2\/posts\/3707\/revisions"}],"wp:featuredmedia":[{"embeddable":true,"href":"https:\/\/serbenidorm.daliisolutions.com\/index.php\/wp-json\/wp\/v2\/media\/3708"}],"wp:attachment":[{"href":"https:\/\/serbenidorm.daliisolutions.com\/index.php\/wp-json\/wp\/v2\/media?parent=3707"}],"wp:term":[{"taxonomy":"category","embeddable":true,"href":"https:\/\/serbenidorm.daliisolutions.com\/index.php\/wp-json\/wp\/v2\/categories?post=3707"},{"taxonomy":"post_tag","embeddable":true,"href":"https:\/\/serbenidorm.daliisolutions.com\/index.php\/wp-json\/wp\/v2\/tags?post=3707"}],"curies":[{"name":"wp","href":"https:\/\/api.w.org\/{rel}","templated":true}]}}