{"id":3709,"date":"2024-04-02T19:49:17","date_gmt":"2024-04-02T17:49:17","guid":{"rendered":"https:\/\/serbenidorm.daliisolutions.com\/index.php\/2024\/04\/02\/accidente-laboral-en-benidorm-un-trabajador-de-58-anos-resulta-herido-en-una-obra-de-poniente\/"},"modified":"2024-04-02T19:49:17","modified_gmt":"2024-04-02T17:49:17","slug":"accidente-laboral-en-benidorm-un-trabajador-de-58-anos-resulta-herido-en-una-obra-de-poniente","status":"publish","type":"post","link":"https:\/\/serbenidorm.daliisolutions.com\/index.php\/2024\/04\/02\/accidente-laboral-en-benidorm-un-trabajador-de-58-anos-resulta-herido-en-una-obra-de-poniente\/","title":{"rendered":"Accidente laboral en Benidorm: un trabajador de 58 a\u00f1os resulta herido en una obra de Poniente"},"content":{"rendered":"  <p>Benidorm<\/p>   <p>Accidente laboral en una construcci\u00f3n en la <a href=\"https:\/\/cadenaser.com\/tag\/benidorm\/a\/\" target=\"_blank\" rel=\"noopener\">calle Presidente Adolfo Suarez de Benidorm<\/a>. Los bomberos han tenido que intervenir este martes a mediod\u00eda para realizar la extracci\u00f3n de un  trabajador de 58 a\u00f1os herido en el interior de la obra al caer de espaldas aproximadamente unos tres metros.<\/p>   <p>Seg\u00fan ha informado el Consorcio Provincial de Bomberos de Alicante (CPBA) a la llegada de sus efectivos el hombre estaba consciente y con sensibilidad. La intervenci\u00f3n se realizaba en estrecha colaboraci\u00f3n con los t\u00e9cnicos de una ambulancia y los m\u00e9dicos movilizados desde el centro de salud m\u00e1s cercano. <\/p>   <p><div><a href=\"https:\/\/cadenaser.com\/comunitat-valenciana\/2024\/04\/02\/el-paro-bajo-en-benidorm-y-la-marina-baixa-durante-marzo-en-389-personas-radio-benidorm\/\">El paro baj\u00f3 en Benidorm y la Marina Baixa durante marzo en 389 personas<\/a><p><\/p><\/div><\/p>   <p>El trabajador ha sido trasladado despu\u00e9s a su mutua, como ha explicado el Centro de Coordinaci\u00f3n e Informaci\u00f3n de Urgencias (CICU). En el operativo tambi\u00e9n han participado varias unidades de la Polic\u00eda Local y Nacional.<\/p> ","protected":false},"excerpt":{"rendered":"<p>Se precipitaba de una altura de tres metros<\/p>\n","protected":false},"author":0,"featured_media":3710,"comment_status":"open","ping_status":"open","sticky":false,"template":"","format":"standard","meta":{"_acf_changed":false,"footnotes":""},"categories":[1],"tags":[],"class_list":["post-3709","post","type-post","status-publish","format-standard","has-post-thumbnail","hentry","category-sin-categoria"],"acf":{"ser_id":"Z5C5527XIJF5XGXO55DRMGR5RE","ser_url":"https:\/\/cadenaser.com\/comunitat-valenciana\/2024\/04\/02\/accidente-laboral-en-benidorm-un-trabajador-de-58-anos-resulta-herido-en-una-obra-de-poniente-radio-benidorm\/"},"_links":{"self":[{"href":"https:\/\/serbenidorm.daliisolutions.com\/index.php\/wp-json\/wp\/v2\/posts\/3709","targetHints":{"allow":["GET"]}}],"collection":[{"href":"https:\/\/serbenidorm.daliisolutions.com\/index.php\/wp-json\/wp\/v2\/posts"}],"about":[{"href":"https:\/\/serbenidorm.daliisolutions.com\/index.php\/wp-json\/wp\/v2\/types\/post"}],"replies":[{"embeddable":true,"href":"https:\/\/serbenidorm.daliisolutions.com\/index.php\/wp-json\/wp\/v2\/comments?post=3709"}],"version-history":[{"count":0,"href":"https:\/\/serbenidorm.daliisolutions.com\/index.php\/wp-json\/wp\/v2\/posts\/3709\/revisions"}],"wp:featuredmedia":[{"embeddable":true,"href":"https:\/\/serbenidorm.daliisolutions.com\/index.php\/wp-json\/wp\/v2\/media\/3710"}],"wp:attachment":[{"href":"https:\/\/serbenidorm.daliisolutions.com\/index.php\/wp-json\/wp\/v2\/media?parent=3709"}],"wp:term":[{"taxonomy":"category","embeddable":true,"href":"https:\/\/serbenidorm.daliisolutions.com\/index.php\/wp-json\/wp\/v2\/categories?post=3709"},{"taxonomy":"post_tag","embeddable":true,"href":"https:\/\/serbenidorm.daliisolutions.com\/index.php\/wp-json\/wp\/v2\/tags?post=3709"}],"curies":[{"name":"wp","href":"https:\/\/api.w.org\/{rel}","templated":true}]}}