{"id":3721,"date":"2024-04-03T11:20:13","date_gmt":"2024-04-03T09:20:13","guid":{"rendered":"https:\/\/serbenidorm.daliisolutions.com\/index.php\/2024\/04\/03\/esta-sera-la-plantilla-del-tm-benidorm-para-la-temporada-2024-2025\/"},"modified":"2024-04-03T11:20:13","modified_gmt":"2024-04-03T09:20:13","slug":"esta-sera-la-plantilla-del-tm-benidorm-para-la-temporada-2024-2025","status":"publish","type":"post","link":"https:\/\/serbenidorm.daliisolutions.com\/index.php\/2024\/04\/03\/esta-sera-la-plantilla-del-tm-benidorm-para-la-temporada-2024-2025\/","title":{"rendered":"Esta ser\u00e1 la plantilla del TM Benidorm para la temporada 2024-2025"},"content":{"rendered":"  <p>Benidorm<\/p>   <p>El <a href=\"https:\/\/cadenaser.com\/tag\/club_balonmano_benidorm\/a\/\" target=\"_blank\" rel=\"noopener\">Club Balonmano Benidorm<\/a> ha comenzado ya a trabajar en la confecci\u00f3n de la que ser\u00e1 su plantilla de cara a la temporada 2024\/2025, que arrancar\u00e1 despu\u00e9s del verano, pero que en los despachos de la planta noble de la entidad ya se conjuga en presente de indicativo.<\/p>  <p><p>M\u00e1s informaci\u00f3n<\/p><figure><img decoding=\"async\" src=\"https:\/\/cadenaser.com\/resizer\/FvZRnE5yP6ctd6x36gSwjl0TXk4=\/650x366\/filters:quality(70)\/cloudfront-eu-central-1.images.arcpublishing.com\/prisaradio\/OAKMBNI4ZFETHMSLQCGXLEMVPA.jpg\" loading=\"lazy\" width=\"828\" height=\"621\" \/><\/figure><ul><li><a href=\"https:\/\/cadenaser.com\/tag\/club_balonmano_benidorm\/a\/\">Todas las noticias del TM Benidorm<\/a><\/li><\/ul><\/p>   <p>As\u00ed, y tras la revoluci\u00f3n vivida en el club m\u00e1s importante de la Marina Baixa el pasado verano, con la llegada de una nueva junta directiva, el cambio de entrenador y la renovaci\u00f3n de buena parte de la plantilla, de cara a la pr\u00f3xima edici\u00f3n de la Liga Asobal.<\/p>   <p>En este sentido, estos son los movimientos ya confirmados en lo que a la confecci\u00f3n de la plantilla se refiere.<\/p>   <p><b>Contin\u00faan<\/b><\/p>   <p><a href=\"https:\/\/cadenaser.com\/comunitat-valenciana\/2024\/03\/14\/pablo-colo-vainstein-seguira-en-benidorm-un-ano-mas-radio-benidorm\/\">Pablo \u2018Colo\u2019 Vainstein<\/a><br \/>  <a href=\"https:\/\/cadenaser.com\/comunitat-valenciana\/2023\/06\/01\/el-italiano-tommaso-de-angelis-se-une-al-proyecto-del-tm-benidorm-radio-benidorm\/\">Tomaso De Angelis<\/a><br \/>  <a href=\"https:\/\/cadenaser.com\/comunitat-valenciana\/2023\/05\/09\/lautaro-robledo-da-el-salto-a-europa-de-la-mano-del-tm-benidorm-radio-benidorm\/\">Lautaro Robledo<\/a><br \/>  <a href=\"https:\/\/cadenaser.com\/comunitat-valenciana\/2023\/03\/31\/el-tm-benidorm-se-hace-con-el-polaco-witkowski-para-defender-su-porteria-el-proximo-ano-radio-benidorm\/\">Krystian Witkowski<\/a><br \/>  <a href=\"https:\/\/cadenaser.com\/comunitat-valenciana\/2023\/03\/21\/el-tm-benidorm-confirma-la-llegada-de-leo-alonso-por-tres-temporadas-radio-benidorm\/\">Leo Alonso<\/a><br \/>  <a href=\"https:\/\/cadenaser.com\/comunitat-valenciana\/2023\/03\/16\/el-tm-benidorm-renueva-al-colo-vainstein-y-a-ramiro-martinez-radio-benidorm\/\">Ramiro Mart\u00ednez<\/a><br \/>  <a href=\"https:\/\/cadenaser.com\/comunitat-valenciana\/2023\/03\/09\/pepe-oliver-renueva-por-dos-anos-con-el-tm-benidorm-radio-benidorm\/\">Jos\u00e9 Oliver<\/a><br \/> Lucas Moscariello<br \/> Mirko Durovic<br \/> Nacho Valles<br \/> David Roca<br \/>  <a href=\"https:\/\/cadenaser.com\/comunitat-valenciana\/2024\/02\/08\/juan-carlos-sempere-renueva-hasta-2026-con-el-tm-benidorm-radio-benidorm\/\">Juan Carlos Sempere<\/a><br \/> Pablo Agull\u00f3<br \/> Miguel Alvado (forma parte de los equipos de base del Club)<br \/> Jaume Planells (forma parte de los equipos de base del Club)<br \/> Eric Gavil\u00e1n (forma parte de los equipos de base del Club)<\/p>   <p><a href=\"https:\/\/cadenaser.com\/comunitat-valenciana\/2023\/01\/18\/sergio-carballeira-cuando-aposte-por-benidorm-estar-en-la-liga-asobal-era-un-reto-a-medio-largo-plazo-radio-benidorm\/\">Sergio Carballeira<\/a> (Entrenador)<\/p>   <p><b>Bajas<\/b><\/p>   <p><a href=\"https:\/\/cadenaser.com\/comunitat-valenciana\/2024\/03\/11\/samu-ibanez-dejara-la-porteria-del-tm-benidorm-al-final-de-la-presente-temporada-radio-benidorm\/\">Samuel Ib\u00e1\u00f1ez<\/a><\/p>   <p><b>Altas<\/b><\/p>   <p>Roberto Dom\u00e9nech (Jugador del BM Benidorm actualmente cedido al BM Ibiza)<br \/> Jos\u00e9 Khalil (Jugador del BM Benidorm actualmente cedido al BM Ibiza)<\/p>   <p><b>No confirmados<\/b><\/p>   <p>Filip Vujovi\u0107<br \/> Santi Barcel\u00f3<br \/> Daniil Zhukov<\/p> ","protected":false},"excerpt":{"rendered":"<p>El Club Balonmano Benidorm ya ha confirmado altas y bajas de cara a la pr\u00f3xima edici\u00f3n de la Liga Asobal<\/p>\n","protected":false},"author":0,"featured_media":3722,"comment_status":"open","ping_status":"open","sticky":false,"template":"","format":"standard","meta":{"_acf_changed":false,"footnotes":""},"categories":[16],"tags":[],"class_list":["post-3721","post","type-post","status-publish","format-standard","has-post-thumbnail","hentry","category-deportes"],"acf":{"ser_id":"7QRIR36AVJE6BCWX2GTJCR2ZPM","ser_url":"https:\/\/cadenaser.com\/comunitat-valenciana\/2024\/04\/03\/esta-sera-la-plantilla-del-tm-benidorm-para-la-temporada-2024-2025-radio-benidorm\/"},"_links":{"self":[{"href":"https:\/\/serbenidorm.daliisolutions.com\/index.php\/wp-json\/wp\/v2\/posts\/3721","targetHints":{"allow":["GET"]}}],"collection":[{"href":"https:\/\/serbenidorm.daliisolutions.com\/index.php\/wp-json\/wp\/v2\/posts"}],"about":[{"href":"https:\/\/serbenidorm.daliisolutions.com\/index.php\/wp-json\/wp\/v2\/types\/post"}],"replies":[{"embeddable":true,"href":"https:\/\/serbenidorm.daliisolutions.com\/index.php\/wp-json\/wp\/v2\/comments?post=3721"}],"version-history":[{"count":0,"href":"https:\/\/serbenidorm.daliisolutions.com\/index.php\/wp-json\/wp\/v2\/posts\/3721\/revisions"}],"wp:featuredmedia":[{"embeddable":true,"href":"https:\/\/serbenidorm.daliisolutions.com\/index.php\/wp-json\/wp\/v2\/media\/3722"}],"wp:attachment":[{"href":"https:\/\/serbenidorm.daliisolutions.com\/index.php\/wp-json\/wp\/v2\/media?parent=3721"}],"wp:term":[{"taxonomy":"category","embeddable":true,"href":"https:\/\/serbenidorm.daliisolutions.com\/index.php\/wp-json\/wp\/v2\/categories?post=3721"},{"taxonomy":"post_tag","embeddable":true,"href":"https:\/\/serbenidorm.daliisolutions.com\/index.php\/wp-json\/wp\/v2\/tags?post=3721"}],"curies":[{"name":"wp","href":"https:\/\/api.w.org\/{rel}","templated":true}]}}