{"id":3724,"date":"2024-04-03T13:22:12","date_gmt":"2024-04-03T11:22:12","guid":{"rendered":"https:\/\/serbenidorm.daliisolutions.com\/index.php\/2024\/04\/03\/el-peor-de-los-escenarios-la-marina-baixa-encara-una-inminente-alerta-por-sequia-con-los-embalses-en-continuo-descenso\/"},"modified":"2024-04-03T13:22:12","modified_gmt":"2024-04-03T11:22:12","slug":"el-peor-de-los-escenarios-la-marina-baixa-encara-una-inminente-alerta-por-sequia-con-los-embalses-en-continuo-descenso","status":"publish","type":"post","link":"https:\/\/serbenidorm.daliisolutions.com\/index.php\/2024\/04\/03\/el-peor-de-los-escenarios-la-marina-baixa-encara-una-inminente-alerta-por-sequia-con-los-embalses-en-continuo-descenso\/","title":{"rendered":"\u00abEl peor de los escenarios\u00bb: La Marina Baixa encara una inminente alerta por sequ\u00eda con los embalses en continuo descenso"},"content":{"rendered":"  <p>Benidorm<\/p>   <p>Las lluvias registradas en las \u00faltimas fechas en la Marina Baixa y que desinflaron las expectativas del sector tur\u00edstico durante la Semana Santa tampoco sirvieron para mejorar la situaci\u00f3n de los dos embalses de la comarca. A diferencia de lo ocurrido, por ejemplo, en Extremadura o Andaluc\u00eda, <a href=\"https:\/\/cadenaser.com\/tag\/comarca_la_marina_baixa\/a\/\" target=\"_blank\" rel=\"noopener\">la cantidad de agua embalsada tanto en el de Amadorio como en el de Guadalest sigue descendiendo<\/a> y es que las precipitaciones de la vertiente mediterr\u00e1nea han sido mucho menores.<\/p>   <p>Jaime Berenguer, director del Consorcio de Aguas de la Marina Baixa, ha explicado en declaraciones a <a href=\"https:\/\/cadenaser.com\/tag\/benidorm\/a\/\" target=\"_blank\" rel=\"noopener\">Radio Benidorm<\/a> que lo m\u00e1s probable es que en menos de una semana entremos en situaci\u00f3n de alerta por sequ\u00eda: \u00abSeguimos en el peor de los escenarios y la previsi\u00f3n es que la semana que viene, el 9 de abril, entremos ya en situaci\u00f3n de &#8216;Alerta&#8217;.<\/p>   <p>Una situaci\u00f3n que todav\u00eda se puede seguir agravando porque <a href=\"https:\/\/cadenaser.com\/tag\/sequia\/a\/\" target=\"_blank\" rel=\"noopener\">si no se producen lluvias en la primavera, seg\u00fan Berenguer, a finales del mes de junio entrar\u00edamos en &#8216;Emergencia&#8217;<\/a>: \u00abEn lo que llevamos de a\u00f1o han ca\u00eddo 30 litros y es una lluvia muy por debajo de las previsiones, insignificante\u00bb, ha detallado.<\/p>   <p>El embalse del Amadorio, por debajo del 20 %<\/p>   <p>El embalse del Amadorio alberga en estos momentos menos de tres hect\u00f3metros c\u00fabicos y no llega al 20 % de su capacidad; mientras que el de Guadalest embalsa menos de cinco hect\u00f3metros, poco m\u00e1s del 40 %. Cifras que son igualmente preocupantes en otras comarcas y que han llevado a <a href=\"https:\/\/cadenaser.com\/comunitat-valenciana\/2024\/03\/26\/la-confederacion-hidrografica-del-jucar-declara-la-situacion-excepcional-por-sequia-extraordinaria-en-toda-la-demarcacion-radio-valencia\/\" target=\"_blank\" rel=\"noopener\">la Confederaci\u00f3n Hidrogr\u00e1fica del J\u00facar (CHJ) ya declar\u00f3 el pasado 26 de marzo la situaci\u00f3n excepcional de sequ\u00eda en toda su demarcaci\u00f3n<\/a>.<b> <\/b><\/p>  <p><p class=\"tit\"><span>Arancha Fidalgo (Oficina de Planificaci\u00f3n Hidrol\u00f3gica de la CHJ): \u00abEstos sistemas se encuentran en prealerta por escasez h\u00eddrica y, si no se producen precipitaciones, previsiblemente entrar\u00e1n en situaci\u00f3n de alerta durante la campa\u00f1a de riego\u00bb<\/span><\/p> <p class=\"emb\"><iframe loading=\"lazy\" src=\"https:\/\/cadenaser.com\/embed\/audio\/460\/1711448457256\/\" width=\"100%\" height=\"360\" frameborder=\"0\" allowfullscreen><\/iframe><\/p><\/p>   <p>Arancha Fidalgo, jefa de la Oficina de Planificaci\u00f3n Hidrol\u00f3gica, se\u00f1ala que esta declaraci\u00f3n sirve para anticipar los posibles problemas que se pueden generar en sistemas como el de la Marina Baixa durante la pr\u00f3xima campa\u00f1a de riego que est\u00e1 a punto de comenzar y que las posibles restricciones para ese riego se decidir\u00e1n en mayo.<\/p>  <p><p>M\u00e1s informaci\u00f3n<\/p><figure><img decoding=\"async\" src=\"https:\/\/cadenaser.com\/resizer\/BXzvWRncwZPmLm4CYi8Ihr8Z-N8=\/650x366\/filters:quality(70)\/cloudfront-eu-central-1.images.arcpublishing.com\/prisaradio\/MTZUTKLUBZB3JFMX76TDMHF65Y.jpg\" loading=\"lazy\" width=\"828\" height=\"621\" \/><\/figure><ul><li><a href=\"https:\/\/cadenaser.com\/comunitat-valenciana\/2024\/04\/02\/la-vila-joiosa-pide-a-chj-un-tanque-anti-tormenta-y-encauzar-barrancos-para-desarrollo-dos-planes-parciales-radio-benidorm\/\">La Vila Joiosa pide a la CHJ un tanque anti tormenta y encauzar barrancos para desarrollo dos planes parciales<\/a><\/li><\/ul><\/p>   <p>Y es que la situaci\u00f3n excepcional por sequ\u00eda extraordinaria permite a la Confederaci\u00f3n solicitar al Ministerio para la Transici\u00f3n Ecol\u00f3gica y el Reto Demogr\u00e1fico su inclusi\u00f3n en el Real Decreto-ley al amparo del art\u00edculo 58 del texto refundido de la Ley de Aguas, con el objetivo de poder adoptar medidas extraordinarias en relaci\u00f3n con la utilizaci\u00f3n del dominio p\u00fablico hidr\u00e1ulico.<\/p>   <p>Se trata de medidas dirigidas a paliar la situaci\u00f3n de sequ\u00eda como pueden ser la exenci\u00f3n del canon de regulaci\u00f3n y de la tarifa de utilizaci\u00f3n del agua a los usuarios que sufran restricciones, la ejecuci\u00f3n de medidas infraestructurales urgentes, as\u00ed como administrativas de modificaci\u00f3n de las condiciones de utilizaci\u00f3n del DPH: dotaciones, criterios de prioridad, or\u00edgenes de agua, condiciones de autorizaciones de vertido o adaptaci\u00f3n de aprovechamientos hidroel\u00e9ctricos.<\/p> ","protected":false},"excerpt":{"rendered":"<p>Las posibles restricciones para el riego se decidir\u00e1n en mayo y si sigue sin llover en junio podr\u00eda declararse la situaci\u00f3n de &#8216;Emergencia&#8217;<\/p>\n","protected":false},"author":0,"featured_media":3725,"comment_status":"open","ping_status":"open","sticky":false,"template":"","format":"standard","meta":{"_acf_changed":false,"footnotes":""},"categories":[1],"tags":[],"class_list":["post-3724","post","type-post","status-publish","format-standard","has-post-thumbnail","hentry","category-sin-categoria"],"acf":{"ser_id":"LSCXUCXZABEA5CZNMMUHV3XE5I","ser_url":"https:\/\/cadenaser.com\/comunitat-valenciana\/2024\/04\/03\/el-peor-de-los-escenarios-la-marina-baixa-encara-una-inminente-alerta-por-sequia-con-los-embalses-en-continuo-descenso-radio-benidorm\/"},"_links":{"self":[{"href":"https:\/\/serbenidorm.daliisolutions.com\/index.php\/wp-json\/wp\/v2\/posts\/3724","targetHints":{"allow":["GET"]}}],"collection":[{"href":"https:\/\/serbenidorm.daliisolutions.com\/index.php\/wp-json\/wp\/v2\/posts"}],"about":[{"href":"https:\/\/serbenidorm.daliisolutions.com\/index.php\/wp-json\/wp\/v2\/types\/post"}],"replies":[{"embeddable":true,"href":"https:\/\/serbenidorm.daliisolutions.com\/index.php\/wp-json\/wp\/v2\/comments?post=3724"}],"version-history":[{"count":0,"href":"https:\/\/serbenidorm.daliisolutions.com\/index.php\/wp-json\/wp\/v2\/posts\/3724\/revisions"}],"wp:featuredmedia":[{"embeddable":true,"href":"https:\/\/serbenidorm.daliisolutions.com\/index.php\/wp-json\/wp\/v2\/media\/3725"}],"wp:attachment":[{"href":"https:\/\/serbenidorm.daliisolutions.com\/index.php\/wp-json\/wp\/v2\/media?parent=3724"}],"wp:term":[{"taxonomy":"category","embeddable":true,"href":"https:\/\/serbenidorm.daliisolutions.com\/index.php\/wp-json\/wp\/v2\/categories?post=3724"},{"taxonomy":"post_tag","embeddable":true,"href":"https:\/\/serbenidorm.daliisolutions.com\/index.php\/wp-json\/wp\/v2\/tags?post=3724"}],"curies":[{"name":"wp","href":"https:\/\/api.w.org\/{rel}","templated":true}]}}