{"id":3726,"date":"2024-04-03T13:22:16","date_gmt":"2024-04-03T11:22:16","guid":{"rendered":"https:\/\/serbenidorm.daliisolutions.com\/index.php\/2024\/04\/03\/filip-vujovic-no-seguira-en-el-tm-benidorm\/"},"modified":"2024-04-03T13:22:16","modified_gmt":"2024-04-03T11:22:16","slug":"filip-vujovic-no-seguira-en-el-tm-benidorm","status":"publish","type":"post","link":"https:\/\/serbenidorm.daliisolutions.com\/index.php\/2024\/04\/03\/filip-vujovic-no-seguira-en-el-tm-benidorm\/","title":{"rendered":"Filip Vujovi\u0107 no seguir\u00e1 en el TM Benidorm"},"content":{"rendered":"  <p>Benidorm<\/p>   <p>La <a href=\"https:\/\/cadenaser.com\/comunitat-valenciana\/2024\/04\/03\/esta-sera-la-plantilla-del-tm-benidorm-para-la-temporada-2024-2025-radio-benidorm\/\" target=\"_blank\" rel=\"noopener\">plantilla del TM Benidorm 2024-2025<\/a> sigue tomando forma. Por lo que se conoce hasta el momento y tal y como han confirmado los responsables del Club Balonmano Benidorm, no se espera una gran revoluci\u00f3n, pero s\u00ed algunos retoques puntuales como el que vendr\u00e1 derivado de la baja del extremo montenegrino Filip Vujovi\u0107, que abandonar\u00e1 la disciplina del conjunto del Palau d\u2019Esports al final de <a href=\"https:\/\/cadenaser.com\/tag\/liga_asobal\/a\/\" target=\"_blank\" rel=\"noopener\">la presente campa\u00f1a<\/a>.<\/p>  <p><p>M\u00e1s informaci\u00f3n<\/p><figure><img decoding=\"async\" src=\"https:\/\/cadenaser.com\/resizer\/6UU48-ewBTtj-9A3sdjESvY_Nhc=\/650x366\/filters:quality(70)\/cloudfront-eu-central-1.images.arcpublishing.com\/prisaradio\/H6FAWLACQBAPLB7DSMEXJWBG7Q.jpg\" loading=\"lazy\" width=\"828\" height=\"621\" \/><\/figure><ul><li><a href=\"https:\/\/cadenaser.com\/comunitat-valenciana\/2024\/04\/03\/esta-sera-la-plantilla-del-tm-benidorm-para-la-temporada-2024-2025-radio-benidorm\/\">Esta ser\u00e1 la plantilla del TM Benidorm para la temporada 2024-2025<\/a><\/li><\/ul><\/p>   <p>Vujovi\u0107 se uni\u00f3 al TM Benidorm en 2022 tras una estancia de cuatro a\u00f1os en Cangas y dos temporadas enrolado en Nava. En su primera temporada, el montenegrino jug\u00f3 un total de 14 partidos con 41 goles mientras que este a\u00f1o, lastrado por las lesiones, acumula ya 15 apariciones con 22 tantos.<\/p>   <p>La baja de Vujovi\u0107 ha sido confirmada por el <a href=\"https:\/\/cadenaser.com\/tag\/club_balonmano_benidorm\/a\/\" target=\"_blank\" rel=\"noopener\">Club Balonmano Benidorm<\/a> a trav\u00e9s de un comunicado en el que se le agradece \u201csu compromiso\u201d y se le desea \u201cmucha suerte de aqu\u00ed en adelante\u201d.<\/p> ","protected":false},"excerpt":{"rendered":"<p>El extremo montenegrino abandona la disciplina del equipo del Palau d\u2019Esports tras dos temporadas<\/p>\n","protected":false},"author":0,"featured_media":3727,"comment_status":"open","ping_status":"open","sticky":false,"template":"","format":"standard","meta":{"_acf_changed":false,"footnotes":""},"categories":[16],"tags":[],"class_list":["post-3726","post","type-post","status-publish","format-standard","has-post-thumbnail","hentry","category-deportes"],"acf":{"ser_id":"JE3YCGGWN5GVNCBC5A2HHHJ57Y","ser_url":"https:\/\/cadenaser.com\/comunitat-valenciana\/2024\/04\/03\/filip-vujovic-no-seguira-en-el-tm-benidorm-radio-benidorm\/"},"_links":{"self":[{"href":"https:\/\/serbenidorm.daliisolutions.com\/index.php\/wp-json\/wp\/v2\/posts\/3726","targetHints":{"allow":["GET"]}}],"collection":[{"href":"https:\/\/serbenidorm.daliisolutions.com\/index.php\/wp-json\/wp\/v2\/posts"}],"about":[{"href":"https:\/\/serbenidorm.daliisolutions.com\/index.php\/wp-json\/wp\/v2\/types\/post"}],"replies":[{"embeddable":true,"href":"https:\/\/serbenidorm.daliisolutions.com\/index.php\/wp-json\/wp\/v2\/comments?post=3726"}],"version-history":[{"count":0,"href":"https:\/\/serbenidorm.daliisolutions.com\/index.php\/wp-json\/wp\/v2\/posts\/3726\/revisions"}],"wp:featuredmedia":[{"embeddable":true,"href":"https:\/\/serbenidorm.daliisolutions.com\/index.php\/wp-json\/wp\/v2\/media\/3727"}],"wp:attachment":[{"href":"https:\/\/serbenidorm.daliisolutions.com\/index.php\/wp-json\/wp\/v2\/media?parent=3726"}],"wp:term":[{"taxonomy":"category","embeddable":true,"href":"https:\/\/serbenidorm.daliisolutions.com\/index.php\/wp-json\/wp\/v2\/categories?post=3726"},{"taxonomy":"post_tag","embeddable":true,"href":"https:\/\/serbenidorm.daliisolutions.com\/index.php\/wp-json\/wp\/v2\/tags?post=3726"}],"curies":[{"name":"wp","href":"https:\/\/api.w.org\/{rel}","templated":true}]}}