{"id":3728,"date":"2024-04-03T14:05:32","date_gmt":"2024-04-03T12:05:32","guid":{"rendered":"https:\/\/serbenidorm.daliisolutions.com\/index.php\/2024\/04\/03\/el-psoe-de-benidorm-acusa-al-gobierno-local-de-ocultar-los-analisis-de-las-playas-tras-el-vertido-en-serra-gelada-que-estan-ocultando\/"},"modified":"2024-04-03T14:05:32","modified_gmt":"2024-04-03T12:05:32","slug":"el-psoe-de-benidorm-acusa-al-gobierno-local-de-ocultar-los-analisis-de-las-playas-tras-el-vertido-en-serra-gelada-que-estan-ocultando","status":"publish","type":"post","link":"https:\/\/serbenidorm.daliisolutions.com\/index.php\/2024\/04\/03\/el-psoe-de-benidorm-acusa-al-gobierno-local-de-ocultar-los-analisis-de-las-playas-tras-el-vertido-en-serra-gelada-que-estan-ocultando\/","title":{"rendered":"El PSOE de Benidorm acusa al gobierno local de ocultar los an\u00e1lisis de las playas tras el vertido en Serra Gelada: \u00ab\u00bfQu\u00e9 est\u00e1n ocultando?\u00bb"},"content":{"rendered":"  <p>Benidorm<\/p>   <p>El Grupo Municipal Socialista acusa al gobierno local de <a href=\"https:\/\/cadenaser.com\/tag\/benidorm\/a\/\" target=\"_blank\" rel=\"noopener\">ocultar el resultado de los an\u00e1lisis de las aguas marinas realizados por el laboratorio del Ayuntamiento de Benidorm durante los d\u00edas que dur\u00f3 el vertido de aguas residuales sin depurar en el Parque Natural de Serra Gelada<\/a> el pasado mes de febrero.<\/p>   <p>La concejala del PSOE que fiscaliza el \u00e1rea de Playas, Laura Rubio, ha destacado que llevan solicitando estos resultados \u00abinsistentemente\u00bb durante muchas comisiones informativas e incluso en sesi\u00f3n plenaria sin obtener respuesta y califica la situaci\u00f3n como \u00abun nuevo episodio de falta de transparencia del gobierno del PP\u00bb.<\/p>   <p>Vertido autorizado en pleno parque natural<\/p>   <p>\u00abNo llegamos a entender este oscurantismo, \u00bfQu\u00e9 quieren ocultar a la oposici\u00f3n y a toda la ciudadan\u00eda?\u00bb, ha afirmado Rubio antes de recordar que el pasado 12 de febrero y durante cuatro d\u00edas se produjo este vertido aguas fecales al mar a trav\u00e9s de un emisario subterr\u00e1neo enterrado en las faldas de la Serra Gelada.<\/p>  <p><p>M\u00e1s informaci\u00f3n<\/p><figure><img decoding=\"async\" src=\"https:\/\/cadenaser.com\/resizer\/R_S15YxSmwgNH-XDN8PFv-9XIiA=\/650x366\/filters:quality(70)\/cloudfront-eu-central-1.images.arcpublishing.com\/prisaradio\/AYF553YU5ZCY5BZN3CTWWKBQSE.jpg\" loading=\"lazy\" width=\"828\" height=\"621\" \/><\/figure><ul><li><a href=\"https:\/\/cadenaser.com\/comunitat-valenciana\/2024\/04\/03\/el-peor-de-los-escenarios-la-marina-baixa-encara-una-inminente-alerta-por-sequia-con-los-embalses-en-continuo-descenso-radio-benidorm\/\">\u00abEl peor de los escenarios\u00bb: La Marina Baixa encara una inminente alerta por sequ\u00eda con los embalses en continuo descenso<\/a><\/li><\/ul><\/p>   <p>Un vertido procedente de la Estaci\u00f3n Depuradora de Agua de Benidorm debido a unas obras de mantenimiento que se estaban realizando y que fue autorizado por la Direcci\u00f3n General del Agua, dependiente de la Conselleria de Medio Ambiente.<\/p>   <p>La edil socialista ha remarcado que el propio alcalde asegur\u00f3 en esos d\u00edas que estaban realizando anal\u00edticas en la zona afectada por los vertidos y que los resultados arrojaban que la calidad de las aguas era \u00ab\u00f3ptima\u00bb, aunque no \u00abexcelente\u00bb como acostumbra la ciudad, y que \u00abno hab\u00eda ninguna afecci\u00f3n en cuanto a la salubridad de las playas\u00bb.<\/p>   <p>As\u00ed, Rubio ha emplazado al equipo de gobierno a entregar cuanto antes los resultados de estos an\u00e1lisis que la oposici\u00f3n sigue solicitando: \u00ab\u00bfQu\u00e9 esconde su silencio?\u00bfQu\u00e9 est\u00e1n ocultando? Queremos saber si realmente nuestras playas, que son nuestro mayor tesoro, se vieron afectadas por este vertido de aguas residuales\u00bb.<\/p> ","protected":false},"excerpt":{"rendered":"<p>Vertido de aguas residuales autorizado por la Conselleria de Medio Ambiente en el parque natural<\/p>\n","protected":false},"author":0,"featured_media":3729,"comment_status":"open","ping_status":"open","sticky":false,"template":"","format":"standard","meta":{"_acf_changed":false,"footnotes":""},"categories":[1],"tags":[],"class_list":["post-3728","post","type-post","status-publish","format-standard","has-post-thumbnail","hentry","category-sin-categoria"],"acf":{"ser_id":"NBGCWK7MPVFFVNAVHY5OY4P4NU","ser_url":"https:\/\/cadenaser.com\/comunitat-valenciana\/2024\/04\/03\/el-psoe-de-benidorm-acusa-al-gobierno-local-de-ocultar-los-analisis-del-agua-de-las-playas-tras-el-vertido-de-aguas-residuales-en-serra-gelada-que-estan-ocultando-radio-benidorm\/"},"_links":{"self":[{"href":"https:\/\/serbenidorm.daliisolutions.com\/index.php\/wp-json\/wp\/v2\/posts\/3728","targetHints":{"allow":["GET"]}}],"collection":[{"href":"https:\/\/serbenidorm.daliisolutions.com\/index.php\/wp-json\/wp\/v2\/posts"}],"about":[{"href":"https:\/\/serbenidorm.daliisolutions.com\/index.php\/wp-json\/wp\/v2\/types\/post"}],"replies":[{"embeddable":true,"href":"https:\/\/serbenidorm.daliisolutions.com\/index.php\/wp-json\/wp\/v2\/comments?post=3728"}],"version-history":[{"count":0,"href":"https:\/\/serbenidorm.daliisolutions.com\/index.php\/wp-json\/wp\/v2\/posts\/3728\/revisions"}],"wp:featuredmedia":[{"embeddable":true,"href":"https:\/\/serbenidorm.daliisolutions.com\/index.php\/wp-json\/wp\/v2\/media\/3729"}],"wp:attachment":[{"href":"https:\/\/serbenidorm.daliisolutions.com\/index.php\/wp-json\/wp\/v2\/media?parent=3728"}],"wp:term":[{"taxonomy":"category","embeddable":true,"href":"https:\/\/serbenidorm.daliisolutions.com\/index.php\/wp-json\/wp\/v2\/categories?post=3728"},{"taxonomy":"post_tag","embeddable":true,"href":"https:\/\/serbenidorm.daliisolutions.com\/index.php\/wp-json\/wp\/v2\/tags?post=3728"}],"curies":[{"name":"wp","href":"https:\/\/api.w.org\/{rel}","templated":true}]}}