{"id":3734,"date":"2024-04-03T14:22:56","date_gmt":"2024-04-03T12:22:56","guid":{"rendered":"https:\/\/serbenidorm.daliisolutions.com\/index.php\/2024\/04\/03\/el-club-voleibol-finestrat-suma-a-volabola-como-patrocinador-y-se-fija-el-top5-como-objetivo\/"},"modified":"2024-04-03T14:22:56","modified_gmt":"2024-04-03T12:22:56","slug":"el-club-voleibol-finestrat-suma-a-volabola-como-patrocinador-y-se-fija-el-top5-como-objetivo","status":"publish","type":"post","link":"https:\/\/serbenidorm.daliisolutions.com\/index.php\/2024\/04\/03\/el-club-voleibol-finestrat-suma-a-volabola-como-patrocinador-y-se-fija-el-top5-como-objetivo\/","title":{"rendered":"El Club Voleibol Finestrat suma a Volabola como patrocinador y se fija el top5 como objetivo"},"content":{"rendered":"  <p>Benidorm<\/p>   <p>Tras haber conseguido la permanencia en la Superliga 2 femenina en la temporada que ha supuesto su regreso a la categor\u00eda de plata del v\u00f3ley nacional, el Club Voleibol Finestrat ha comenzado ya a preparar la pr\u00f3xima temporada y lo ha hecho con la incorporaci\u00f3n, como uno de sus patrocinadores principales, de la marca de ropa deportiva Volabola.<\/p>  <p><p class=\"tit\"><span>El Club Voleibol Finestrat suma a Volabola como patrocinador y se fija el top5 como objetivo<\/span><\/p> <p class=\"emb\"><iframe loading=\"lazy\" src=\"https:\/\/cadenaser.com\/embed\/audio\/460\/1712145921840\/\" width=\"100%\" height=\"360\" frameborder=\"0\" allowfullscreen><\/iframe><\/p><\/p>   <p>En virtud de este acuerdo, el primer equipo de la entidad finestratense pasar\u00e1 a denominarse Medsur Finestrat Elche Vola Vola en la temporada 2024-2025 y tal y como ha asegurado a SER Deportivos Marina Baixa el coordinador del club, Juanvi Llinares, la inyecci\u00f3n econ\u00f3mica que supondr\u00e1 este acuerdo, permitir\u00e1 al Club Voleibol Finestrat dar un salto cualitativo para aspirar a retos todav\u00eda mayores en lo deportivo, donde ya se piensa en estar entre los cinco mejores equipos de la categor\u00eda.<\/p> ","protected":false},"excerpt":{"rendered":"<p>El acuerdo entre la marca de ropa deportiva y la entidad ser\u00e1 efectivo a partir de la pr\u00f3xima temporada<\/p>\n","protected":false},"author":0,"featured_media":3735,"comment_status":"open","ping_status":"open","sticky":false,"template":"","format":"standard","meta":{"_acf_changed":false,"footnotes":""},"categories":[16],"tags":[],"class_list":["post-3734","post","type-post","status-publish","format-standard","has-post-thumbnail","hentry","category-deportes"],"acf":{"ser_id":"JSQQCLMWVBCXNCDEMWK3LLBXDY","ser_url":"https:\/\/cadenaser.com\/comunitat-valenciana\/2024\/04\/03\/el-club-voleibol-finestrat-suma-a-volabola-como-patrocinador-y-se-fija-el-top5-como-objetivo-radio-benidorm\/"},"_links":{"self":[{"href":"https:\/\/serbenidorm.daliisolutions.com\/index.php\/wp-json\/wp\/v2\/posts\/3734","targetHints":{"allow":["GET"]}}],"collection":[{"href":"https:\/\/serbenidorm.daliisolutions.com\/index.php\/wp-json\/wp\/v2\/posts"}],"about":[{"href":"https:\/\/serbenidorm.daliisolutions.com\/index.php\/wp-json\/wp\/v2\/types\/post"}],"replies":[{"embeddable":true,"href":"https:\/\/serbenidorm.daliisolutions.com\/index.php\/wp-json\/wp\/v2\/comments?post=3734"}],"version-history":[{"count":0,"href":"https:\/\/serbenidorm.daliisolutions.com\/index.php\/wp-json\/wp\/v2\/posts\/3734\/revisions"}],"wp:featuredmedia":[{"embeddable":true,"href":"https:\/\/serbenidorm.daliisolutions.com\/index.php\/wp-json\/wp\/v2\/media\/3735"}],"wp:attachment":[{"href":"https:\/\/serbenidorm.daliisolutions.com\/index.php\/wp-json\/wp\/v2\/media?parent=3734"}],"wp:term":[{"taxonomy":"category","embeddable":true,"href":"https:\/\/serbenidorm.daliisolutions.com\/index.php\/wp-json\/wp\/v2\/categories?post=3734"},{"taxonomy":"post_tag","embeddable":true,"href":"https:\/\/serbenidorm.daliisolutions.com\/index.php\/wp-json\/wp\/v2\/tags?post=3734"}],"curies":[{"name":"wp","href":"https:\/\/api.w.org\/{rel}","templated":true}]}}