{"id":374,"date":"2023-12-05T15:28:10","date_gmt":"2023-12-05T14:28:10","guid":{"rendered":"https:\/\/serbenidorm.daliisolutions.com\/index.php\/2023\/12\/05\/complicado-rescate-en-una-zona-de-acantilados-de-benidorm\/"},"modified":"2023-12-05T15:28:10","modified_gmt":"2023-12-05T14:28:10","slug":"complicado-rescate-en-una-zona-de-acantilados-de-benidorm","status":"publish","type":"post","link":"https:\/\/serbenidorm.daliisolutions.com\/index.php\/2023\/12\/05\/complicado-rescate-en-una-zona-de-acantilados-de-benidorm\/","title":{"rendered":"Complicado rescate en una zona de acantilados de Benidorm"},"content":{"rendered":" Benidorm  No fue sencillo el rescate que tuvieron que realizar este lunes los Bomberos Provinciales del Parque en Benidorm y es que, seg\u00fan han explicado en un comunicado, pasado el mediod\u00eda saltaban las alarmas en la zona del Parque Natural de Sierra Helada y deb\u00edan hacerse cargo de sacar de los acantilados del <a href=\"https:\/\/cadenaser.com\/tag\/benidorm\/a\/\" target=\"_blank\" rel=\"noopener\">entorno de la Punta del Cavall<\/a> a un senderista de 66 a\u00f1os accidentado.  De inmediato se activaba un amplio dispositivo de <a href=\"https:\/\/cadenaser.com\/tag\/equipos_rescate\/a\/\" target=\"_blank\" rel=\"noopener\">rescate por tierra, mar y aire<\/a>. Los bomberos movilizaban dos veh\u00edculos ligeros, al mando de los cuales se encontraban un sargento, cabo y cuatro bomberos. Adem\u00e1s, debido a la orograf\u00eda de la zona, se recurri\u00f3 al Grupo Especial de Rescate (GER ) y a su helic\u00f3ptero.  <p>M\u00e1s informaci\u00f3n<\/p><figure><img decoding=\"async\" src=\"https:\/\/cadenaser.com\/resizer\/ticg4aJ8j8-535m5CmyhPUSDl04=\/650x366\/filters:quality(70)\/cloudfront-eu-central-1.images.arcpublishing.com\/prisaradio\/GRIRVQ2FHNDOHKHHIIESLASWBM.jpg\" loading=\"lazy\" width=\"828\" height=\"621\" \/><\/figure><ul><li><a href=\"https:\/\/cadenaser.com\/comunitat-valenciana\/2023\/11\/30\/los-pescadores-de-la-vila-joiosa-vuelven-al-mar-en-mitad-de-una-situacion-limite-radio-benidorm\/\">Los pescadores de La Vila Joiosa vuelven al mar en mitad de una situaci\u00f3n &#x27;l\u00edmite&#x27;<\/a><\/li><\/ul>  Por parte de la Polic\u00eda Local de Benidorm se trasladaban al lugar varios agentes de las secciones a\u00e9rea y mar\u00edtima con un dron y una embarcaci\u00f3n. Todo ello coordinado desde el Puesto de Mando Avanzado ubicado en la Torre de les Caletes.  Finalmente, el helic\u00f3ptero del Consorcio maniobr\u00f3 para el posterior izado en gr\u00faa de la persona de nacionalidad inglesa a rescatar, que fue llevada a las asistencias sanitarias en la zona para que revisase sus magulladuras y posteriormente trasladado a un hospital privado de la capital tur\u00edstica. ","protected":false},"excerpt":{"rendered":"<p>Un hombre de 66 a\u00f1os y nacionalidad inglesa hab\u00eda sufrido una ca\u00edda en el parque natural<\/p>\n","protected":false},"author":0,"featured_media":375,"comment_status":"open","ping_status":"open","sticky":false,"template":"","format":"standard","meta":{"_acf_changed":false,"footnotes":""},"categories":[1],"tags":[],"class_list":["post-374","post","type-post","status-publish","format-standard","has-post-thumbnail","hentry","category-sin-categoria"],"acf":{"ser_id":"BKSOYLAIINAWFPCWEE3NBBN2SI","ser_url":""},"_links":{"self":[{"href":"https:\/\/serbenidorm.daliisolutions.com\/index.php\/wp-json\/wp\/v2\/posts\/374","targetHints":{"allow":["GET"]}}],"collection":[{"href":"https:\/\/serbenidorm.daliisolutions.com\/index.php\/wp-json\/wp\/v2\/posts"}],"about":[{"href":"https:\/\/serbenidorm.daliisolutions.com\/index.php\/wp-json\/wp\/v2\/types\/post"}],"replies":[{"embeddable":true,"href":"https:\/\/serbenidorm.daliisolutions.com\/index.php\/wp-json\/wp\/v2\/comments?post=374"}],"version-history":[{"count":0,"href":"https:\/\/serbenidorm.daliisolutions.com\/index.php\/wp-json\/wp\/v2\/posts\/374\/revisions"}],"wp:featuredmedia":[{"embeddable":true,"href":"https:\/\/serbenidorm.daliisolutions.com\/index.php\/wp-json\/wp\/v2\/media\/375"}],"wp:attachment":[{"href":"https:\/\/serbenidorm.daliisolutions.com\/index.php\/wp-json\/wp\/v2\/media?parent=374"}],"wp:term":[{"taxonomy":"category","embeddable":true,"href":"https:\/\/serbenidorm.daliisolutions.com\/index.php\/wp-json\/wp\/v2\/categories?post=374"},{"taxonomy":"post_tag","embeddable":true,"href":"https:\/\/serbenidorm.daliisolutions.com\/index.php\/wp-json\/wp\/v2\/tags?post=374"}],"curies":[{"name":"wp","href":"https:\/\/api.w.org\/{rel}","templated":true}]}}