{"id":3741,"date":"2024-04-03T17:55:41","date_gmt":"2024-04-03T15:55:41","guid":{"rendered":"https:\/\/serbenidorm.daliisolutions.com\/index.php\/2024\/04\/03\/asi-es-la-fiesta-que-prepara-benidorm-para-seguir-la-final-de-eurovision\/"},"modified":"2024-04-03T17:55:41","modified_gmt":"2024-04-03T15:55:41","slug":"asi-es-la-fiesta-que-prepara-benidorm-para-seguir-la-final-de-eurovision","status":"publish","type":"post","link":"https:\/\/serbenidorm.daliisolutions.com\/index.php\/2024\/04\/03\/asi-es-la-fiesta-que-prepara-benidorm-para-seguir-la-final-de-eurovision\/","title":{"rendered":"As\u00ed es la fiesta que prepara Benidorm para seguir la final de Eurovisi\u00f3n"},"content":{"rendered":"  <p>Benidorm<\/p>   <p>El auditorio Julio Iglesias del Parque de l\u2019Aig\u00fcera acoger\u00e1 una gran fiesta del Euroclub del Benidorm Fest <a href=\"https:\/\/cadenaser.com\/tag\/benidorm\/a\/\" target=\"_blank\" rel=\"noopener\">el pr\u00f3ximo 11 de mayo<\/a> con motivo de la celebraci\u00f3n del Festival de Eurovisi\u00f3n en la ciudad sueca de Malm\u00f6.<\/p>   <p>Una cita, la de Benidorm, que organizan conjuntamente RTVE, el Ayuntamiento de Benidorm, la Generalitat Valenciana y Fotur. Benidorm, de esta forma, vuelve a expresar su apoyo al certamen y congregar\u00e1 a varios miles de \u2018eurofans\u2019 antes, durante y despu\u00e9s de la transmisi\u00f3n del mayor evento musical europeo.<\/p>   <p>La fiesta, que se ha dado a conocer hoy en Madrid, comenzar\u00e1 a las 16 horas de ese s\u00e1bado 11 de mayo y contar\u00e1 con varios artistas ya confirmados como <a href=\"https:\/\/cadenaser.com\/tag\/benidorm_fest\/a\/\" target=\"_blank\" rel=\"noopener\">Blanca Paloma, Sof\u00eda Mart\u00edn, Jos\u00e9 Otero, Noan, Mantra, Sharonne o Sof\u00eda Coll<\/a> entre otros. Asimismo se contar\u00e1 con la actuaci\u00f3n de varios Djs y pantallas gigantes para seguir las actuaciones y el propio Festival de Eurovisi\u00f3n.<\/p>  <p><p>M\u00e1s informaci\u00f3n<\/p><figure><img decoding=\"async\" src=\"https:\/\/cadenaser.com\/resizer\/3L5VS81vzcr9xWjqqMsoQh90OsI=\/650x366\/filters:quality(70)\/cloudfront-eu-central-1.images.arcpublishing.com\/prisaradio\/72V3UPVMULPGTKJNSKWGU4EDFE.jpg\" loading=\"lazy\" width=\"828\" height=\"621\" \/><\/figure><ul><li><a href=\"https:\/\/cadenaser.com\/nacional\/2024\/03\/11\/eurovision-da-un-giro-y-anuncia-cambios-historicos-que-afectaran-a-zorra-actuara-en-semifinales-y-las-votaciones-para-ganar-se-adelantaran-al-principio-de-la-gala-cadena-ser\/\">Eurovisi\u00f3n da un giro y anuncia cambios hist\u00f3ricos que afectar\u00e1n a &#8216;Zorra&#8217;: actuar\u00e1 en semifinales y las votaciones para ganar se adelantar\u00e1n al principio de la gala<\/a><\/li><\/ul><\/p>   <p>Adem\u00e1s, en el propio recinto del Parque de l\u2019Aig\u00fcera se instalar\u00e1n \u00e1reas destinadas a \u2018FanZone\u2019, \u2018Food truck\u2019, merchandising y relax para que los asistentes disfruten al m\u00e1ximo de los espect\u00e1culos.<\/p>   <p>En la capital de Espa\u00f1a se han presentado tambi\u00e9n hoy los actos programados de cara a Eurovisi\u00f3n 2024, en los que el Benidorm Fest tendr\u00e1 un gran protagonismo, as\u00ed como la agenda del d\u00fao alicantino que representar\u00e1 a Espa\u00f1a.<\/p>   <p>Euroclub del Benidorm Fest<\/p>   <p>La primera cita ser\u00e1 el<a href=\"https:\/\/cadenaser.com\/tag\/festival_eurovision\/a\/\" target=\"_blank\" rel=\"noopener\"> mi\u00e9rcoles 8 de mayo en la sala Inkonst de Malm\u00f6<\/a>, a partir de las 19 horas, con tres artistas de las tres ediciones del Benidorm Fest como invitados: Varry Brava, Miss Caffeina y Sharonne.<\/p>   <p>Mar\u00eda Eizaguirre, directora de Comunicaci\u00f3n y Participaci\u00f3n de RTVE, ha se\u00f1alado que el objetivo es que \u201cla familia del Benidorm Fest acompa\u00f1e a Nebulossa\u201d en su camino a Malm\u00f6. Adem\u00e1s, \u201ces importante para el festival ir construyendo un relato internacional para que fuera se reconozca el trabajo que se est\u00e1 haciendo\u201d.<\/p>   <p>Por su parte, Jes\u00fas Carrobles, concejal de Eventos del Ayuntamiento de Benidorm, ha coincidido en esa misma idea y ha dicho que \u201cesta marca que iniciamos hace dos a\u00f1os no se pod\u00eda quedar solo en el Benidorm Fest. Hay que consolidar la imagen y empezar a vendernos fuera de Espa\u00f1a\u201d, que es lo que se busca con el Euroclub de Malm\u00f6. En cuanto al Euroclub de Benidorm, ha explicado que se har\u00e1 en un recinto mucho m\u00e1s c\u00f3modo, con entrada gratuita y pantallas gigantes para seguir la final. \u201cOjal\u00e1 podamos celebrar el triunfo de Nebulossa\u201d ha a\u00f1adido.<\/p>   <p>Mery Bas y Mark Dasousa, componentes de Nebulossa, han detallado la emoci\u00f3n que les produce el camino recorrido hasta ahora, con sus viajes a Miami y Nueva York y su colaboraci\u00f3n con Gloria Trevi. \u201cEstamos infinitamente agradecidas por todo esto\u201d han indicado. \u201cHaber llegado al Benidorm Fest ya era un regalo. Y en Eurovisi\u00f3n esperamos quedar en una buena posici\u00f3n, porque hay mucha gente detr\u00e1s de todo esto\u201d, han subrayado.<\/p>   <p>Por su lado, la cantante Blanca Paloma ha expresado sus \u201cmuchas ganas de vivirlo desde el otro lado y poder apoyarlos desde Benidorm\u201d. Sobre la experiencia y consejos que puede transmitir a Nebulossa, ha destacado la importancia de que \u201cdescans\u00e9is para llegar a Malm\u00f6 con energ\u00eda. Este camino os va a nutrir much\u00edsimo\u201d.<\/p>   <p>Por su parte, Sof\u00eda Coll ha dicho estar \u201cencantada de volver a Benidorm, apoyar a Nebulossa y vivirlo con toda la intensidad\u201d. Sof\u00eda Mart\u00edn coincid\u00eda en el deseo de \u201cvolver a conectar con toda la gente en Benidorm\u201d. Y, por \u00faltimo, Jos\u00e9 Otero cre\u00eda que es \u201cuna gran propuesta para celebrar Eurovisi\u00f3n, para presentar nuestros proyectos y seguir promocionando nuestra m\u00fasica\u201d.<\/p>   <p>Estreno de \u2018Zorra\u2019 con Nebulossa y Gloria Trevi<\/p>   <p>Varios hitos eurovisivos marcar\u00e1n el mes de abril antes del comienzo del Festival. El primero de ellos ser\u00e1 este viernes, 5 de abril, fecha del estreno en plataformas de <i>streaming<\/i> de la <a href=\"https:\/\/www.rtve.es\/television\/20240317\/radio-city-music-hall-nueva-york-acoge-estreno-mundial-zorra-nebulossa-con-gloria-trevi\/16019079.shtml\" rel=\"nofollow\">versi\u00f3n de \u2018Zorra\u2019 que Nebulossa y Gloria Trevi grabaron en Miami<\/a> en febrero.<\/p>   <p>El d\u00fao y la artista mexicana ya ofrecieron un adelanto, en directo ante 6.000 personas, sobre el escenario del famoso Radio City Music Hall de Nueva York el pasado 15 de marzo, todo un hito en la promoci\u00f3n de una candidatura espa\u00f1ola para Eurovisi\u00f3n, que por primera vez ha cruzado el Atl\u00e1ntico para darse a conocer entre el p\u00fablico latinoamericano.<\/p>   <p>Pr\u00f3ximas citas europeas<\/p>   <p>Tras la <a href=\"https:\/\/www.rtve.es\/television\/20240331\/nebulossa-conquista-publico-europeo-madrid-zorra\/16038729.shtml\" rel=\"nofollow\">PrePartyES celebrada este pasado fin de semana en Madrid<\/a> y en la que Nebulossa fue el anfitri\u00f3n de las delegaciones internacionales de Eurovisi\u00f3n, el d\u00fao aprieta el acelerador en la recta final de su camino hacia Malm\u00f6. As\u00ed, sus pr\u00f3ximas actuaciones ser\u00e1n este s\u00e1bado, 6 de abril, en la Barcelona Eurovision Party, y el domingo 7, en la London Eurovision Party. Tambi\u00e9n actuar\u00e1n en la Eurovision in Concert de Amsterdam el 13 de abril y en Estocolmo el 14 de abril en la primera edici\u00f3n de la Nordic Eurovision Party. Y el 26 de abril, cerrar\u00e1n la gira europea en Roma.<\/p>   <p>Fiesta de despedida de Nebulossa<\/p>   <p>Antes de la \u00faltima parada en Italia y pocos d\u00edas antes de que la delegaci\u00f3n espa\u00f1ola viaje a Malm\u00f6, RTVE ofrecer\u00e1 un concierto gratuito en Madrid el 22 de abril para despedir por todo lo alto a Nebulossa. Ser\u00e1 en el teatro Alb\u00e9niz, donde los alicantinos estar\u00e1n arropados en el escenario por St. Pedro, Angy Fern\u00e1ndez, Jorge Gonz\u00e1lez, Alm\u00e1cor y Sof\u00eda Coll y recibir\u00e1n el apoyo de los fans y seguidores del Festival.<\/p> ","protected":false},"excerpt":{"rendered":"<p>Blanca Paloma, Sof\u00eda Mart\u00edn, Jos\u00e9 Otero, Noan, Mantra, Sharonne o Sof\u00eda Coll entre los artistas confirmados<\/p>\n","protected":false},"author":0,"featured_media":3742,"comment_status":"open","ping_status":"open","sticky":false,"template":"","format":"standard","meta":{"_acf_changed":false,"footnotes":""},"categories":[1],"tags":[],"class_list":["post-3741","post","type-post","status-publish","format-standard","has-post-thumbnail","hentry","category-sin-categoria"],"acf":{"ser_id":"RLM2G7UX4VC4FNIX5NPUMPECMQ","ser_url":"https:\/\/cadenaser.com\/comunitat-valenciana\/2024\/04\/03\/asi-es-la-fiesta-que-prepara-benidorm-para-seguir-la-final-de-eurovision-radio-benidorm\/"},"_links":{"self":[{"href":"https:\/\/serbenidorm.daliisolutions.com\/index.php\/wp-json\/wp\/v2\/posts\/3741","targetHints":{"allow":["GET"]}}],"collection":[{"href":"https:\/\/serbenidorm.daliisolutions.com\/index.php\/wp-json\/wp\/v2\/posts"}],"about":[{"href":"https:\/\/serbenidorm.daliisolutions.com\/index.php\/wp-json\/wp\/v2\/types\/post"}],"replies":[{"embeddable":true,"href":"https:\/\/serbenidorm.daliisolutions.com\/index.php\/wp-json\/wp\/v2\/comments?post=3741"}],"version-history":[{"count":0,"href":"https:\/\/serbenidorm.daliisolutions.com\/index.php\/wp-json\/wp\/v2\/posts\/3741\/revisions"}],"wp:featuredmedia":[{"embeddable":true,"href":"https:\/\/serbenidorm.daliisolutions.com\/index.php\/wp-json\/wp\/v2\/media\/3742"}],"wp:attachment":[{"href":"https:\/\/serbenidorm.daliisolutions.com\/index.php\/wp-json\/wp\/v2\/media?parent=3741"}],"wp:term":[{"taxonomy":"category","embeddable":true,"href":"https:\/\/serbenidorm.daliisolutions.com\/index.php\/wp-json\/wp\/v2\/categories?post=3741"},{"taxonomy":"post_tag","embeddable":true,"href":"https:\/\/serbenidorm.daliisolutions.com\/index.php\/wp-json\/wp\/v2\/tags?post=3741"}],"curies":[{"name":"wp","href":"https:\/\/api.w.org\/{rel}","templated":true}]}}