{"id":3743,"date":"2024-04-03T17:55:42","date_gmt":"2024-04-03T15:55:42","guid":{"rendered":"https:\/\/serbenidorm.daliisolutions.com\/index.php\/2024\/04\/03\/hector-alvarez-afronta-una-paris-roubaix-en-la-que-puede-hacer-historia\/"},"modified":"2024-04-03T17:55:42","modified_gmt":"2024-04-03T15:55:42","slug":"hector-alvarez-afronta-una-paris-roubaix-en-la-que-puede-hacer-historia","status":"publish","type":"post","link":"https:\/\/serbenidorm.daliisolutions.com\/index.php\/2024\/04\/03\/hector-alvarez-afronta-una-paris-roubaix-en-la-que-puede-hacer-historia\/","title":{"rendered":"H\u00e9ctor \u00c1lvarez afronta una Par\u00eds-Roubaix en la que puede hacer historia"},"content":{"rendered":"  <p>Benidorm<\/p>   <p>Nunca un ciclista espa\u00f1ol ha ganado la <a href=\"https:\/\/cadenaser.com\/tag\/paris_roubaix\/a\/\" target=\"_blank\" rel=\"noopener\">Par\u00eds-Roubaix<\/a>, la m\u00e1s grande de las cl\u00e1sicas <a href=\"https:\/\/cadenaser.com\/tag\/ciclismo\/a\/\" target=\"_blank\" rel=\"noopener\">ciclistas<\/a>, en ninguna de sus categor\u00edas. Los que m\u00e1s cerca estuvieron, en profesionales, fueron Juan Antonio Flecha, que subi\u00f3 tres veces al podio del \u2018Infierno del Norte\u2019 (tercero en 2005 y 2010 y segundo en 2007) y Miguel Poblet, que pis\u00f3 el caj\u00f3n dos veces (segundo en 1958 y tercero en 1960).<\/p>   <p>En la prueba de categor\u00eda J\u00fanior, que se disputa desde 2004\u2026 la nada. Ninguno de nuestras j\u00f3venes promesas ha sido capaz de acercarse al podio en esta dur\u00edsima prueba caracterizada, como ninguna otra en el mundo, por los adoquines. El mejor resultado en esta aut\u00e9ntica forja de h\u00e9roes fue el sexto puesto de Carlos Rodr\u00edguez (quinto en el pasado Tour de Francia con una victoria de etapa) en 2018.<\/p>   <p>Hace ahora un a\u00f1o, el alfasino H\u00e9ctor \u00c1lvarez, debutante en una carrera en la que la experiencia juega un papel fundamental, termin\u00f3 como mejor espa\u00f1ol en su a\u00f1o de debut en la categor\u00eda con una fenomenal 20\u00aa posici\u00f3n entrando el grupo perseguidor de los hombres de cabeza a 37 segundos del vencedor, el franc\u00e9s Matys Grisel.<\/p>  <p><p>M\u00e1s informaci\u00f3n<\/p><figure><img decoding=\"async\" src=\"https:\/\/cadenaser.com\/resizer\/JAr4ATxy8hTLnxoZ9Axbu5JCB0U=\/650x366\/filters:quality(70)\/cloudfront-eu-central-1.images.arcpublishing.com\/prisaradio\/TIJFN7K44FBKBPOBXWHUVLUJNE.jpeg\" loading=\"lazy\" width=\"828\" height=\"621\" \/><\/figure><ul><li><a href=\"https:\/\/cadenaser.com\/comunitat-valenciana\/2024\/03\/18\/hector-alvarez-se-hace-mayor-en-la-guido-reybrouck-classic-radio-benidorm\/\">H\u00e9ctor \u00c1lvarez se hace mayor en la Guido Reybrouck Classic<\/a><\/li><\/ul><\/p>   <p>En ese grupo tambi\u00e9n entraron Adri\u00e0 Pericas y Markel Beloki (ahora profesional en el EF-Education First). Ninguno de ellos no repetir\u00e1 el pr\u00f3ximo domingo en el combinado espa\u00f1ol que ha compuesto Manuel Mateo y que, adem\u00e1s de \u00c1lvarez, estar\u00e1 formado por Javier Cubillas, Marcos Freire, Iker G\u00f3mez, Roger Pareta y Marc Zafra.<\/p>   <p>Apenas dos d\u00edas antes de partir hacia esa tortura, Manu Mateo y H\u00e9ctor \u00c1lvarez han pasado por los micr\u00f3fonos de <a href=\"https:\/\/cadenaser.com\/radio-benidorm\/ser-deportivos-benidorm\/\" target=\"_blank\" rel=\"noopener\">Radio Benidorm-SER<\/a> para analizar las opciones del corredor de <a href=\"https:\/\/cadenaser.com\/tag\/lalfas_del_pi\/a\/\" target=\"_blank\" rel=\"noopener\">l\u2019Alf\u00e0s del Pi<\/a> del que el seleccionador nacional ha afirmado que \u201cest\u00e1 claro que puede estar en el grupo de los ocho elegidos\u201d.<\/p>   <p>Por su parte, el corredor no ha eludido su favoritismo en una carrera que ha definido como \u201cla m\u00e1s dura\u201d de cuantas ha afrontado hasta ahora, pero que est\u00e1 deseoso de volver a afrontar.<\/p> ","protected":false},"excerpt":{"rendered":"<p>El seleccionador nacional, Manu Mateo, y el ciclista de l\u2019Alf\u00e0s del Pi hablan en SER Deportivos sobre el \u2018Infierno del Norte\u2019 de este domingo<\/p>\n","protected":false},"author":0,"featured_media":3744,"comment_status":"open","ping_status":"open","sticky":false,"template":"","format":"standard","meta":{"_acf_changed":false,"footnotes":""},"categories":[16],"tags":[],"class_list":["post-3743","post","type-post","status-publish","format-standard","has-post-thumbnail","hentry","category-deportes"],"acf":{"ser_id":"TBBRXH5DMJHTRODRB7T5EJWXRU","ser_url":"https:\/\/cadenaser.com\/comunitat-valenciana\/2024\/04\/03\/hector-alvarez-afronta-una-paris-roubaix-en-la-que-puede-hacer-historia-radio-benidorm\/"},"_links":{"self":[{"href":"https:\/\/serbenidorm.daliisolutions.com\/index.php\/wp-json\/wp\/v2\/posts\/3743","targetHints":{"allow":["GET"]}}],"collection":[{"href":"https:\/\/serbenidorm.daliisolutions.com\/index.php\/wp-json\/wp\/v2\/posts"}],"about":[{"href":"https:\/\/serbenidorm.daliisolutions.com\/index.php\/wp-json\/wp\/v2\/types\/post"}],"replies":[{"embeddable":true,"href":"https:\/\/serbenidorm.daliisolutions.com\/index.php\/wp-json\/wp\/v2\/comments?post=3743"}],"version-history":[{"count":0,"href":"https:\/\/serbenidorm.daliisolutions.com\/index.php\/wp-json\/wp\/v2\/posts\/3743\/revisions"}],"wp:featuredmedia":[{"embeddable":true,"href":"https:\/\/serbenidorm.daliisolutions.com\/index.php\/wp-json\/wp\/v2\/media\/3744"}],"wp:attachment":[{"href":"https:\/\/serbenidorm.daliisolutions.com\/index.php\/wp-json\/wp\/v2\/media?parent=3743"}],"wp:term":[{"taxonomy":"category","embeddable":true,"href":"https:\/\/serbenidorm.daliisolutions.com\/index.php\/wp-json\/wp\/v2\/categories?post=3743"},{"taxonomy":"post_tag","embeddable":true,"href":"https:\/\/serbenidorm.daliisolutions.com\/index.php\/wp-json\/wp\/v2\/tags?post=3743"}],"curies":[{"name":"wp","href":"https:\/\/api.w.org\/{rel}","templated":true}]}}