{"id":3758,"date":"2024-04-04T12:22:41","date_gmt":"2024-04-04T10:22:41","guid":{"rendered":"https:\/\/serbenidorm.daliisolutions.com\/index.php\/2024\/04\/04\/la-vila-joiosa-anuncia-que-reformara-el-hospital-asilo-santa-marta-y-la-generalitat-aumentara-el-numero-de-plazas\/"},"modified":"2024-04-04T12:22:41","modified_gmt":"2024-04-04T10:22:41","slug":"la-vila-joiosa-anuncia-que-reformara-el-hospital-asilo-santa-marta-y-la-generalitat-aumentara-el-numero-de-plazas","status":"publish","type":"post","link":"https:\/\/serbenidorm.daliisolutions.com\/index.php\/2024\/04\/04\/la-vila-joiosa-anuncia-que-reformara-el-hospital-asilo-santa-marta-y-la-generalitat-aumentara-el-numero-de-plazas\/","title":{"rendered":"La Vila Joiosa anuncia que reformar\u00e1 el Hospital Asilo Santa Marta y la Generalitat aumentar\u00e1 el n\u00famero de plazas"},"content":{"rendered":"  <p>La Vila Joiosa<\/p>   <p>\u00abVamos a poner en marcha un plan de rehabilitaci\u00f3n integral de las instalaciones del hospital asilo de manera urgente\u00bb. Es el anuncio que hac\u00eda este mi\u00e9rcoles el alcalde de La Vila Joiosa coincidiendo con la visita de la consellera de Servicios Sociales Susana Camarero: \u00abporque los residentes necesitan y se merecen unas condiciones \u00f3ptimas para disfrutar de la mayor comodidad, adem\u00e1s de que existen plazas inutilizadas por falta de mantenimiento\u00bb.<\/p>  <p><p>M\u00e1s informaci\u00f3n<\/p><figure><img decoding=\"async\" src=\"https:\/\/cadenaser.com\/resizer\/R_S15YxSmwgNH-XDN8PFv-9XIiA=\/650x366\/filters:quality(70)\/cloudfront-eu-central-1.images.arcpublishing.com\/prisaradio\/AYF553YU5ZCY5BZN3CTWWKBQSE.jpg\" loading=\"lazy\" width=\"828\" height=\"621\" \/><\/figure><ul><li><a href=\"https:\/\/cadenaser.com\/comunitat-valenciana\/2024\/04\/03\/el-peor-de-los-escenarios-la-marina-baixa-encara-una-inminente-alerta-por-sequia-con-los-embalses-en-continuo-descenso-radio-benidorm\/\">\u00abEl peor de los escenarios\u00bb: La Marina Baixa encara una inminente alerta por sequ\u00eda con los embalses en continuo descenso<\/a><\/li><\/ul><\/p>   <p><a href=\"https:\/\/cadenaser.com\/tag\/vila_joiosa\/a\/\" target=\"_blank\" rel=\"noopener\">Por ello Camarero ha apostado por ampliar alrededor de 10 el n\u00famero de plazas concertadas con la Generalitat Valenciana<\/a>. Actualmente, la residencia cuenta con 83 usuarios, de cuyas plazas 60 son subvencionadas por el contrato-programa de la Conselleria de Servicios Sociales y el resto son municipales.<\/p>   <p>El centro asistencial municipal cuenta con servicios como atenci\u00f3n psicol\u00f3gica, servicio m\u00e9dico y de fisioterapia y actividades encaminadas a un envejecimiento saludable como paseos, actividades intergeneracionales con el alumnado de los centros educativos del municipio, jornadas de convivencia con otros centros residenciales, talleres de coral, teatro y activaci\u00f3n f\u00edsica en la piscina, entre otros.<\/p> ","protected":false},"excerpt":{"rendered":"<p>El Ayuntamiento asumir\u00e1 el coste de la redacci\u00f3n de este proyecto para el que todav\u00eda no hay plazos <\/p>\n","protected":false},"author":0,"featured_media":3759,"comment_status":"open","ping_status":"open","sticky":false,"template":"","format":"standard","meta":{"_acf_changed":false,"footnotes":""},"categories":[1],"tags":[],"class_list":["post-3758","post","type-post","status-publish","format-standard","has-post-thumbnail","hentry","category-sin-categoria"],"acf":{"ser_id":"HFCAJUAZ5BDJHM66HWPWET3XYY","ser_url":"https:\/\/cadenaser.com\/comunitat-valenciana\/2024\/04\/04\/la-vila-joiosa-anuncia-que-reformara-el-hospital-asilo-santa-marta-y-la-generalitat-aumentara-el-numero-de-plazas-radio-benidorm\/"},"_links":{"self":[{"href":"https:\/\/serbenidorm.daliisolutions.com\/index.php\/wp-json\/wp\/v2\/posts\/3758","targetHints":{"allow":["GET"]}}],"collection":[{"href":"https:\/\/serbenidorm.daliisolutions.com\/index.php\/wp-json\/wp\/v2\/posts"}],"about":[{"href":"https:\/\/serbenidorm.daliisolutions.com\/index.php\/wp-json\/wp\/v2\/types\/post"}],"replies":[{"embeddable":true,"href":"https:\/\/serbenidorm.daliisolutions.com\/index.php\/wp-json\/wp\/v2\/comments?post=3758"}],"version-history":[{"count":0,"href":"https:\/\/serbenidorm.daliisolutions.com\/index.php\/wp-json\/wp\/v2\/posts\/3758\/revisions"}],"wp:featuredmedia":[{"embeddable":true,"href":"https:\/\/serbenidorm.daliisolutions.com\/index.php\/wp-json\/wp\/v2\/media\/3759"}],"wp:attachment":[{"href":"https:\/\/serbenidorm.daliisolutions.com\/index.php\/wp-json\/wp\/v2\/media?parent=3758"}],"wp:term":[{"taxonomy":"category","embeddable":true,"href":"https:\/\/serbenidorm.daliisolutions.com\/index.php\/wp-json\/wp\/v2\/categories?post=3758"},{"taxonomy":"post_tag","embeddable":true,"href":"https:\/\/serbenidorm.daliisolutions.com\/index.php\/wp-json\/wp\/v2\/tags?post=3758"}],"curies":[{"name":"wp","href":"https:\/\/api.w.org\/{rel}","templated":true}]}}