{"id":376,"date":"2023-12-05T15:28:11","date_gmt":"2023-12-05T14:28:11","guid":{"rendered":"https:\/\/serbenidorm.daliisolutions.com\/index.php\/2023\/12\/05\/la-modernizacion-del-paseo-maritimo-y-la-mejora-del-cami-vell-daltea-proyectos-estrella-de-lalfas-del-pi-para-iniciar-2024\/"},"modified":"2023-12-05T15:28:11","modified_gmt":"2023-12-05T14:28:11","slug":"la-modernizacion-del-paseo-maritimo-y-la-mejora-del-cami-vell-daltea-proyectos-estrella-de-lalfas-del-pi-para-iniciar-2024","status":"publish","type":"post","link":"https:\/\/serbenidorm.daliisolutions.com\/index.php\/2023\/12\/05\/la-modernizacion-del-paseo-maritimo-y-la-mejora-del-cami-vell-daltea-proyectos-estrella-de-lalfas-del-pi-para-iniciar-2024\/","title":{"rendered":"La modernizaci\u00f3n del paseo mar\u00edtimo y la mejora del Cam\u00ed Vell d\u2019Altea, proyectos &#x27;estrella&#x27; de l&#x27;Alf\u00e0s del Pi para iniciar 2024"},"content":{"rendered":" L&#x27;Alf\u00e0s del Pi  La Mejora de la Movilidad en el Cam\u00ed Vell d\u2019Altea, la implantaci\u00f3n de la plataforma \u00fanica en la primera l\u00ednea de la Playa del Albir y el desarrollo del PAI Finca Roca ser\u00e1n los tres grandes proyectos que echar\u00e1n a andar en 2024 en L\u2019Alf\u00e0s del Pi gracias a la inyecci\u00f3n de fondos europeos de dos Planes de Sostenibilidad Tur\u00edstica en Destino.  As\u00ed lo ha avanzado el alcalde de L\u2019Alf\u00e0s del Pi, <a href=\"https:\/\/cadenaser.com\/tag\/lalfas_del_pi\/a\/\" target=\"_blank\" rel=\"noopener\">Vicente Arques<\/a>, durante el desayuno de Navidad con los medios de comunicaci\u00f3n para hacer balance del a\u00f1o que termina y anunciar los principales proyectos para el a\u00f1o que viene.  Arques ha recordado que los tres principales proyectos que se inician en 2024 y que cambiar\u00e1n la fisonom\u00eda del municipio en \u00e1reas destacadas, supondr\u00e1n para el municipio una inversi\u00f3n de 4,4 millones de euros aportados al 100% por fondos europeos y con un plazo de ejecuci\u00f3n que expira en diciembre de 2025.  <p>M\u00e1s informaci\u00f3n<\/p><figure><img decoding=\"async\" src=\"https:\/\/cadenaser.com\/resizer\/EFaC0iDIg3fDu24Tlgajt0_MI9A=\/650x366\/filters:quality(70)\/cloudfront-eu-central-1.images.arcpublishing.com\/prisaradio\/NARJU6FWSNPWLF5VWKYJU22SIY.jpg\" loading=\"lazy\" width=\"828\" height=\"621\" \/><\/figure><ul><li><a href=\"https:\/\/cadenaser.com\/comunitat-valenciana\/2023\/12\/04\/los-precios-de-la-vivienda-en-la-nucia-y-lalfas-del-pi-se-disparan-radio-benidorm\/\">Los precios de la vivienda se disparan en La Nuc\u00eda y l&#x27;Alf\u00e0s del Pi<\/a><\/li><\/ul>  La Mejora de la Movilidad en el Cam\u00ed Vell de Altea, conocida como Carretera Tur\u00edstica del Albir, convertir\u00e1 el tramo existente entre el n\u00facleo urbano del Albir y el Camping Excalibur en una alameda urbana con nuevas aceras con espacio suficiente para turistas y residentes, alumbrado p\u00fablico, carril bici y todos los servicios urban\u00edsticos necesarios.  La inversi\u00f3n europea en este proyecto ser\u00e1 de 900.000 euros y la obra estar\u00e1 finalizada en diciembre de 2025. \u201cEs una zona muy tur\u00edstica donde tenemos una gran oferta hotelera y donde nos hab\u00edamos quedado sin movilidad peatonal para turistas y residentes. Adem\u00e1s la carretera estaba abandonada dese hace 10 a\u00f1os y ahora se crear\u00e1 una nueva zona de comunicaci\u00f3n, un espacio abierto y con importante mejora de la movilidad para el peat\u00f3n\u201d, se\u00f1ala Arques quien recuerda que el Ayuntamiento ya expropi\u00f3 los terrenos necesarios para ello hace ahora 5  a\u00f1os.  <p><p class=\"tit\"><span>Hora 14 Benidorm (05\/12\/2023)<\/span><\/p> <p class=\"emb\"><\/p><\/p>  Con respecto a la implantaci\u00f3n de la plataforma \u00fanica en el Paseo de las Estrellas, la inversi\u00f3n europea asciende a 700.000 euros y abarcar\u00e1 desde la zona del Ancla hasta el final de la Playa del Albir. En la pr\u00e1ctica supondr\u00e1 que este vial tenga prioridad peatonal y vendr\u00e1 a \u201cmejorar un paseo que tiene ya 30 a\u00f1os y a ganar espacio para el ciudadano\u201d, indica Arques.  El primer edil ha recordado que el Ayuntamiento ya inici\u00f3 \u201cla semipeatonalizaci\u00f3n de Playa Albir hace 15 a\u00f1os\u201d con la conversi\u00f3n en zona peatonal durante  el verano y semana santa. \u201cHa llegado el momento en el que la peatonalizaci\u00f3n debe ser completa, con accesos para emergencias o carga y  descarga, porque as\u00ed lo piden empresarios y residentes que que quieren zonas abiertas de paseo\u201d, a\u00f1ade.  Finca Roca  La canalizaci\u00f3n de Barranco Hondo y vendr\u00e1 a mejorar la recogida de aguas en esta zona para llevarlas hasta el final del bulevar y la playa. Esto comportar\u00e1 el desarrollo del PAI Finca Roca con 200.000 m\u00b2 y zona terciaria y residencial y 12.000 m\u00b2 que asumir\u00e1 el Ayuntamiento para  construir 120 viviendas en r\u00e9gimen de \u201cco-living\u201d.   Asimismo el edificio de la Finca Roca pasar\u00e1 a formar parte del patrimonio municipal. \u201cEn tres meses el PAI Finca Roca ser\u00e1 una realidad y habr\u00e1 un desarrollo privado, residencial y terciario y p\u00fablico. Para nosotros es fundamental el desarrollo de este PAI porque conseguimos la Finca Roca que podremos destinar a uso cultural\u201d, concluye.  Adem\u00e1s 2024 tambi\u00e9n ser\u00e1 el a\u00f1o en el que L\u2019Alf\u00e0s del Pi organice el segundo Congreso Internacional de Banderas Azules en el mes de octubre. Un congreso \u201cfundamental\u201d para este municipio con 8 galardones y la distinci\u00f3n de la Bandera Azul durante 36 a\u00f1os de forma ininterrumpida.  En cuanto a la EDUSI, Arques ha indicado que ya est\u00e1n finalizados \u201ctodos los proyectos menos tres\u201d y de \u00e9stos \u201cya tenemos la memoria valorada para incorporarlos a los fondos Next Generation\u201d. El alcalde ha situado el grado de ejecuci\u00f3n de la EDUSI en el 55% a falta de dos obras \u201cque  tienen que finalizar en los pr\u00f3ximos d\u00edas\u201d como son la zona verde posterior al Pabell\u00f3n Pau Gasol y el Skate Park. ","protected":false},"excerpt":{"rendered":"<p>El alcalde celebra dos subvenciones de 4.443.000 euros de la Uni\u00f3n Europea para ejecutar Planes de Sostenibilidad<\/p>\n","protected":false},"author":0,"featured_media":377,"comment_status":"open","ping_status":"open","sticky":false,"template":"","format":"standard","meta":{"_acf_changed":false,"footnotes":""},"categories":[1],"tags":[],"class_list":["post-376","post","type-post","status-publish","format-standard","has-post-thumbnail","hentry","category-sin-categoria"],"acf":{"ser_id":"RM4GCO3D65FZDILV3VADC7JRSY","ser_url":""},"_links":{"self":[{"href":"https:\/\/serbenidorm.daliisolutions.com\/index.php\/wp-json\/wp\/v2\/posts\/376","targetHints":{"allow":["GET"]}}],"collection":[{"href":"https:\/\/serbenidorm.daliisolutions.com\/index.php\/wp-json\/wp\/v2\/posts"}],"about":[{"href":"https:\/\/serbenidorm.daliisolutions.com\/index.php\/wp-json\/wp\/v2\/types\/post"}],"replies":[{"embeddable":true,"href":"https:\/\/serbenidorm.daliisolutions.com\/index.php\/wp-json\/wp\/v2\/comments?post=376"}],"version-history":[{"count":0,"href":"https:\/\/serbenidorm.daliisolutions.com\/index.php\/wp-json\/wp\/v2\/posts\/376\/revisions"}],"wp:featuredmedia":[{"embeddable":true,"href":"https:\/\/serbenidorm.daliisolutions.com\/index.php\/wp-json\/wp\/v2\/media\/377"}],"wp:attachment":[{"href":"https:\/\/serbenidorm.daliisolutions.com\/index.php\/wp-json\/wp\/v2\/media?parent=376"}],"wp:term":[{"taxonomy":"category","embeddable":true,"href":"https:\/\/serbenidorm.daliisolutions.com\/index.php\/wp-json\/wp\/v2\/categories?post=376"},{"taxonomy":"post_tag","embeddable":true,"href":"https:\/\/serbenidorm.daliisolutions.com\/index.php\/wp-json\/wp\/v2\/tags?post=376"}],"curies":[{"name":"wp","href":"https:\/\/api.w.org\/{rel}","templated":true}]}}