{"id":3790,"date":"2024-04-05T13:37:15","date_gmt":"2024-04-05T11:37:15","guid":{"rendered":"https:\/\/serbenidorm.daliisolutions.com\/index.php\/2024\/04\/05\/el-albir-renuncia-a-su-bandera-azul-para-poder-transformar-el-paseo-de-las-estrellas-con-fondos-europeos\/"},"modified":"2024-04-05T13:37:15","modified_gmt":"2024-04-05T11:37:15","slug":"el-albir-renuncia-a-su-bandera-azul-para-poder-transformar-el-paseo-de-las-estrellas-con-fondos-europeos","status":"publish","type":"post","link":"https:\/\/serbenidorm.daliisolutions.com\/index.php\/2024\/04\/05\/el-albir-renuncia-a-su-bandera-azul-para-poder-transformar-el-paseo-de-las-estrellas-con-fondos-europeos\/","title":{"rendered":"El Albir renuncia a su Bandera Azul para poder transformar el paseo de las Estrellas con fondos europeos"},"content":{"rendered":"  <p>L&#8217;Alf\u00e0s del Pi<\/p>   <p>Las obras de renovaci\u00f3n integral de la biblioplaya del Albir desde principios de mayo dar\u00e1n el pistoletazo de salida a la mejora y modernizaci\u00f3n del Paseo de las Estrellas, una inversi\u00f3n presupuestada en 964.000 euros y subvencionada al completo con fondos europeos.<\/p>   <p>Con motivo de estas obras, <a href=\"https:\/\/cadenaser.com\/tag\/lalfas_del_pi\/a\/\" target=\"_blank\" rel=\"noopener\">el Ayuntamiento de l\u2019Alf\u00e0s del Pi ha solicitado la suspensi\u00f3n de forma temporal de la candidatura a la Bandera Azul para la playa Rac\u00f3 de l\u2019Albir, no as\u00ed de los otros siete distintivos azules que tiene el municipio<\/a>, como ha querido aclarar el alcalde Vicente Arques: \u00abTodos sabemos que cuando hay obras no se puede optar a la Bandera Azul, pero si podemos anunciar que vamos a mantener el tiempo que duren los trabajos los servicios de primera calidad en toda la zona de ba\u00f1o, y por supuesto las acciones necesarias para garantizar la excelencia de nuestras aguas\u00bb.<\/p>   <p>Unas actuaciones que se van a ejecutar por fases, seg\u00fan anunciaba este viernes Arques. Primero esa remodelaci\u00f3n y adaptaci\u00f3n desde mayo de la biblioplaya con cargo al presupuesto municipal y por un montante de 48.381 euros, para continuar en el mes de julio con la reconversi\u00f3n del Paseo de las Estrellas en una plataforma \u00fanica accesible.<\/p>  <p><p>M\u00e1s informaci\u00f3n<\/p><figure><img decoding=\"async\" src=\"https:\/\/cadenaser.com\/resizer\/H7swR8luKzhu_7WVnq8zKCdldCA=\/650x366\/filters:quality(70)\/cloudfront-eu-central-1.images.arcpublishing.com\/prisaradio\/62QL7PRY6NBEDIDSEKN4IEPU6Y.jpg\" loading=\"lazy\" width=\"828\" height=\"621\" \/><\/figure><ul><li><a href=\"https:\/\/cadenaser.com\/comunitat-valenciana\/2024\/03\/14\/asi-son-los-tres-senderos-azules-que-tiene-la-marina-baixa-este-2024-radio-benidorm\/\">As\u00ed son los tres Senderos Azules que tiene la Marina Baixa este 2024<\/a><\/li><\/ul><\/p>   <p>\u00abQueremos dar m\u00e1s protagonismo al peat\u00f3n y la bicicleta, rest\u00e1ndoselo por tanto al tr\u00e1fico rodado, potenciando la vegetaci\u00f3n, recuperando el espacio p\u00fablico del frente mar\u00edtimo para el esparcimiento de residentes y visitantes, y aumentando la permeabilidad de la v\u00eda\u00bb, indicaba.<\/p>   <p>Durante el verano las obras ser\u00e1n en segunda y tercera l\u00ednea de playa<\/p>   <p>El primer edil ha asegurado que aunque los trabajos comenzar\u00e1n en pleno verano no afectar\u00e1n a la zona de ba\u00f1o ni al paseo mar\u00edtimo hasta pasada la temporada alta, de manera que se actuar\u00e1 en las infraestructuras afectadas por la obra en segunda y tercera l\u00ednea de playa.<\/p>   <p>\u00abSi se realizan las obras en estas fechas es porque est\u00e1n subvencionadas con fondos europeos al 100 %, y tenemos unos plazos para su ejecuci\u00f3n por cumplir. A finales de a\u00f1o, tendr\u00e1n que estar ejecutados unos porcentajes determinados de cada Plan: el 30 % del PSTD 2022, y el 15 % del PSTD 2023\u00bb, ha explicado Arques.<\/p>   <p>Sigue el <a href=\"https:\/\/www.whatsapp.com\/channel\/0029Va633PF9WtC4l7XUzh1e\" rel=\"nofollow noopener\" target=\"_blank\">canal de La SER en WhatsApp<\/a>, donde encontrar\u00e1s toda la informaci\u00f3n, el deporte y el entretenimiento: la actualidad del d\u00eda y las noticias de \u00faltima hora, los mejores v\u00eddeos y momentos de la radio, entrevistas, reportajes y mucho m\u00e1s.<\/p> ","protected":false},"excerpt":{"rendered":"<p>La v\u00eda se empezar\u00e1 a convertir en una plataforma \u00fanica para el peat\u00f3n en julio | Antes se rehabilitar\u00e1 la biblioplaya<\/p>\n","protected":false},"author":0,"featured_media":3791,"comment_status":"open","ping_status":"open","sticky":false,"template":"","format":"standard","meta":{"_acf_changed":false,"footnotes":""},"categories":[1],"tags":[],"class_list":["post-3790","post","type-post","status-publish","format-standard","has-post-thumbnail","hentry","category-sin-categoria"],"acf":{"ser_id":"SVOZTF25R5ERFJGFBNDS6IDLBU","ser_url":"https:\/\/cadenaser.com\/comunitat-valenciana\/2024\/04\/05\/el-albir-renuncia-a-su-bandera-azul-para-poder-transformar-el-paseo-de-las-estrellas-con-fondos-europeos-radio-benidorm\/"},"_links":{"self":[{"href":"https:\/\/serbenidorm.daliisolutions.com\/index.php\/wp-json\/wp\/v2\/posts\/3790","targetHints":{"allow":["GET"]}}],"collection":[{"href":"https:\/\/serbenidorm.daliisolutions.com\/index.php\/wp-json\/wp\/v2\/posts"}],"about":[{"href":"https:\/\/serbenidorm.daliisolutions.com\/index.php\/wp-json\/wp\/v2\/types\/post"}],"replies":[{"embeddable":true,"href":"https:\/\/serbenidorm.daliisolutions.com\/index.php\/wp-json\/wp\/v2\/comments?post=3790"}],"version-history":[{"count":0,"href":"https:\/\/serbenidorm.daliisolutions.com\/index.php\/wp-json\/wp\/v2\/posts\/3790\/revisions"}],"wp:featuredmedia":[{"embeddable":true,"href":"https:\/\/serbenidorm.daliisolutions.com\/index.php\/wp-json\/wp\/v2\/media\/3791"}],"wp:attachment":[{"href":"https:\/\/serbenidorm.daliisolutions.com\/index.php\/wp-json\/wp\/v2\/media?parent=3790"}],"wp:term":[{"taxonomy":"category","embeddable":true,"href":"https:\/\/serbenidorm.daliisolutions.com\/index.php\/wp-json\/wp\/v2\/categories?post=3790"},{"taxonomy":"post_tag","embeddable":true,"href":"https:\/\/serbenidorm.daliisolutions.com\/index.php\/wp-json\/wp\/v2\/tags?post=3790"}],"curies":[{"name":"wp","href":"https:\/\/api.w.org\/{rel}","templated":true}]}}