{"id":3794,"date":"2024-04-05T15:57:15","date_gmt":"2024-04-05T13:57:15","guid":{"rendered":"https:\/\/serbenidorm.daliisolutions.com\/index.php\/2024\/04\/05\/benidorm-reune-a-autores-de-todo-el-mundo-del-8-al-13-de-abril-con-su-v-festival-internacional-de-poesia\/"},"modified":"2024-04-05T15:57:15","modified_gmt":"2024-04-05T13:57:15","slug":"benidorm-reune-a-autores-de-todo-el-mundo-del-8-al-13-de-abril-con-su-v-festival-internacional-de-poesia","status":"publish","type":"post","link":"https:\/\/serbenidorm.daliisolutions.com\/index.php\/2024\/04\/05\/benidorm-reune-a-autores-de-todo-el-mundo-del-8-al-13-de-abril-con-su-v-festival-internacional-de-poesia\/","title":{"rendered":"Benidorm re\u00fane a autores de todo el mundo del 8 al 13 de abril con su V Festival Internacional de Poes\u00eda"},"content":{"rendered":"  <p>Benidorm<\/p>   <p>Del 8 al 13 de abril se celebrar\u00e1 en Benidorm la quinta edici\u00f3n del Festival Internacional de Poes\u00eda que organiza el Liceo Po\u00e9tico de Benidorm y que cuenta con la colaboraci\u00f3n del Ayuntamiento de la ciudad. Un evento que han presentado en <a href=\"https:\/\/cadenaser.com\/tag\/benidorm\/a\/\" target=\"_blank\" rel=\"noopener\">La Ventana de la Marina Baixa<\/a> los directores del certamen, Julio Pavanetti y Annabel Villar.<\/p>   <p>El Festival propiamente dicho comenzar\u00e1 el pr\u00f3ximo martes 9 por la ma\u00f1ana con una bienvenida a los poetas invitados por parte del alcalde, Toni P\u00e9rez, y el edil de Cultura. Por la tarde, a las 18 horas, tendr\u00e1 lugar la presentaci\u00f3n de todos los poetas invitados con un recital de apertura y m\u00fasica de la Asociaci\u00f3n Cultural Manchega \u2018Tramontana\u2019 (m\u00fasica y danza) y Daniel Gonz\u00e1lez (guitarra y voz).<\/p>  <p><p>M\u00e1s informaci\u00f3n<\/p><figure><img decoding=\"async\" src=\"https:\/\/cadenaser.com\/resizer\/2ZI_n63lZ3HiGaiLlvqH_x2waAc=\/650x366\/filters:quality(70)\/cloudfront-eu-central-1.images.arcpublishing.com\/prisaradio\/YEKQFLYS4FC7POKWJSNP6ZEZ5I.jpg\" loading=\"lazy\" width=\"828\" height=\"621\" \/><\/figure><ul><li><a href=\"https:\/\/cadenaser.com\/comunitat-valenciana\/2024\/04\/04\/la-nucia-lalfas-del-pi-y-altea-se-unen-en-las-fiestas-de-sant-vicent-en-la-emita-del-captivador-radio-benidorm\/\">La Nuc\u00eda, L&#8217;Alf\u00e0s del Pi y Altea se unen en las fiestas de Sant Vicent en la Emita del Captivador<\/a><\/li><\/ul><\/p>   <p>Esta presentaci\u00f3n se realizar\u00e1 en el Sal\u00f3n de Actos municipal, lugar en el que se celebrar\u00e1n la mayor\u00eda de actividades de este Festival, con recitales cada tarde y actividades paralelas en centros educativos. As\u00ed, el mi\u00e9rcoles a las 10 horas habr\u00e1 un recital interactivo de los poetas invitados en el colegio Nuestra Se\u00f1ora de los Dolores y el viernes a la misma hora en el IES Bernat de Sarri\u00e0.<\/p>   <p>El programa incluye un recital de los poetas el mi\u00e9rcoles a las 18 horas, mientras que el jueves a la misma hora se celebrar\u00e1 el 21\u00ba aniversario del Liceo Po\u00e9tico y se conmemorar\u00e1 el centenario del poeta valenciano Vicent Andr\u00e9s Estell\u00e9s. El viernes finalizar\u00e1 el certamen con el recital de clausura y la entrega de diplomas y trofeos a los poetas invitados a partir de las 19 horas en el Sal\u00f3n de Actos.<\/p>   <p>La n\u00f3mina de poetas invitados<\/p>   <p>Para esta ocasi\u00f3n, seg\u00fan ha precisado Julio Pavanetti, se cuenta con poetas invitados como Ahmad Yamani, Alicja Kuberska, Alina y Krzystof Galas, \u00c1ngeles Mu\u00f1oz Echenique, Elisa Rueda, Gianpaolo Mastropasqua, Glorjana Veber, Istv\u00e1n Turczi, J\u00fcri Talvet, Mar\u00eda Mistrioti y Sonia Fanuli.<\/p>   <p>Jaime Jes\u00fas P\u00e9rez ha destacado que \u201cla programaci\u00f3n es muy completa\u201d y ha expresado su satisfacci\u00f3n \u201cpor el excelente resultado que tuvimos el a\u00f1o pasado, que nos da impulso para continuar creciendo\u201d. El edil ha incidido asimismo en los recitales interactivos que se realizar\u00e1n con alumnos de Secundaria y ha recordado que \u201cel a\u00f1o pasado fue un gran \u00e9xito\u201d, motivo por el cual \u201ceste a\u00f1o se aumenta el n\u00famero de alumnos participantes a m\u00e1s de 300\u201d.<\/p>   <p>Annabel Villar, por su parte, ha confiado en \u201crepetir la gran concurrencia que tuvimos hace un a\u00f1o\u201d, al tiempo que agradec\u00eda \u201cla implicaci\u00f3n de las asociaciones culturales y el Ayuntamiento, as\u00ed como de los m\u00fasicos que nos acompa\u00f1ar\u00e1n de forma altruista\u201d.<\/p>   <p>Sigue el <a href=\"https:\/\/www.whatsapp.com\/channel\/0029Va633PF9WtC4l7XUzh1e\" rel=\"nofollow noopener\" target=\"_blank\">canal de La SER en WhatsApp<\/a>, donde encontrar\u00e1s toda la informaci\u00f3n, el deporte y el entretenimiento: la actualidad del d\u00eda y las noticias de \u00faltima hora, los mejores v\u00eddeos y momentos de la radio, entrevistas, reportajes y mucho m\u00e1s.<\/p> ","protected":false},"excerpt":{"rendered":"<p>Annabel Villar y Julio Pavanetti dirigen esta cita que homenajear\u00e1 al poeta Vicent Andr\u00e9s Estell\u00e9s en su centenario<\/p>\n","protected":false},"author":0,"featured_media":3795,"comment_status":"open","ping_status":"open","sticky":false,"template":"","format":"standard","meta":{"_acf_changed":false,"footnotes":""},"categories":[1],"tags":[],"class_list":["post-3794","post","type-post","status-publish","format-standard","has-post-thumbnail","hentry","category-sin-categoria"],"acf":{"ser_id":"4Q72ENR5UNECPE52JZIMPFVVBY","ser_url":"https:\/\/cadenaser.com\/comunitat-valenciana\/2024\/04\/05\/benidorm-reune-a-autores-de-todo-el-mundo-del-8-al-13-de-abril-con-su-v-festival-internacional-de-poesia-radio-benidorm\/"},"_links":{"self":[{"href":"https:\/\/serbenidorm.daliisolutions.com\/index.php\/wp-json\/wp\/v2\/posts\/3794","targetHints":{"allow":["GET"]}}],"collection":[{"href":"https:\/\/serbenidorm.daliisolutions.com\/index.php\/wp-json\/wp\/v2\/posts"}],"about":[{"href":"https:\/\/serbenidorm.daliisolutions.com\/index.php\/wp-json\/wp\/v2\/types\/post"}],"replies":[{"embeddable":true,"href":"https:\/\/serbenidorm.daliisolutions.com\/index.php\/wp-json\/wp\/v2\/comments?post=3794"}],"version-history":[{"count":0,"href":"https:\/\/serbenidorm.daliisolutions.com\/index.php\/wp-json\/wp\/v2\/posts\/3794\/revisions"}],"wp:featuredmedia":[{"embeddable":true,"href":"https:\/\/serbenidorm.daliisolutions.com\/index.php\/wp-json\/wp\/v2\/media\/3795"}],"wp:attachment":[{"href":"https:\/\/serbenidorm.daliisolutions.com\/index.php\/wp-json\/wp\/v2\/media?parent=3794"}],"wp:term":[{"taxonomy":"category","embeddable":true,"href":"https:\/\/serbenidorm.daliisolutions.com\/index.php\/wp-json\/wp\/v2\/categories?post=3794"},{"taxonomy":"post_tag","embeddable":true,"href":"https:\/\/serbenidorm.daliisolutions.com\/index.php\/wp-json\/wp\/v2\/tags?post=3794"}],"curies":[{"name":"wp","href":"https:\/\/api.w.org\/{rel}","templated":true}]}}