{"id":3839,"date":"2024-04-08T10:39:56","date_gmt":"2024-04-08T08:39:56","guid":{"rendered":"https:\/\/serbenidorm.daliisolutions.com\/index.php\/2024\/04\/08\/hector-alvarez-hace-historia-con-un-top10-para-el-recuerdo-en-roubaix\/"},"modified":"2024-04-08T10:39:56","modified_gmt":"2024-04-08T08:39:56","slug":"hector-alvarez-hace-historia-con-un-top10-para-el-recuerdo-en-roubaix","status":"publish","type":"post","link":"https:\/\/serbenidorm.daliisolutions.com\/index.php\/2024\/04\/08\/hector-alvarez-hace-historia-con-un-top10-para-el-recuerdo-en-roubaix\/","title":{"rendered":"H\u00e9ctor \u00c1lvarez hace historia con un top10 para el recuerdo en Roubaix"},"content":{"rendered":"  <p>Benidorm<\/p>   <p>La Par\u00eds-Roubaix, el Infierno del Norte, es la carrera ciclista m\u00e1s m\u00edtica de la temporada. Su dureza, su historia, sus adoquines, sus condiciones infames\u2026 y, sobre todo, el sufrimiento extremo al que expone a todos los corredores que quieran llegar al vetusto vel\u00f3dromo de Roubaix la hacen ser la favorita de casi todos.<\/p>   <p>All\u00ed, el pasado fin de semana, el alfasino H\u00e9ctor \u00c1lvarez part\u00eda como uno de los grandes favoritos a pelear por el triunfo en la categor\u00eda J\u00fanior y s\u00f3lo un inoportuno pinchazo en una de las fases cruciales de la jornada le alej\u00f3 de ese sue\u00f1o, aunque no de lograr un hist\u00f3rico top10 que no hace m\u00e1s que confirmar las muchas y muy altas expectativas que el mundillo ciclista ha depositado sobre sus espaldas.<\/p>   <p>Desde salida el equipo nacional estuvo bien posicionado en el pelot\u00f3n, encarando los primeros tramos de adoqu\u00edn siempre delante. Marcos Freire fue el primer espa\u00f1ol en sufrir un percance en forma de ca\u00edda, y\u00e9ndose al suelo sin consecuencias f\u00edsicas graves, pero perdiendo contacto de forma definitiva con el pelot\u00f3n.<\/p>   <p>Posteriormente, H\u00e9ctor \u00c1lvarez y Javier Cubillas sufr\u00edan casi al un\u00edsono sendos pinchazos que les obligaban a cambiar rueda en un momento cr\u00edtico que coincid\u00eda con el ataque del dan\u00e9s Philipsen, actual campe\u00f3n del mundo.<\/p>   <p>Tras un sensacional esfuerzo propio y con la ayuda de un entregado Iker G\u00f3mez, H\u00e9ctor \u00c1lvarez lograba recortar una diferencia de m\u00e1s de un minuto con el grupo principal, coloc\u00e1ndose de nuevo en la pelea por entrar entre los mejores.<\/p>   <p>Por delante, Omrzel (Eslovenia) y Van den Broek (Acrog-Tormans) se manten\u00edan como los supervivientes de una larga escapada hasta que eran contactados por el propio Philipsen y otros cuatro corredores, estableciendo un grupo cabecero al que trataban de dar caza desde atr\u00e1s \u00c1lvarez y el alem\u00e1n Fietzke.<\/p>   <p>El d\u00fao lleg\u00f3 a estar cerca de los de cabeza, pero finalmente se terminar\u00eda disputando la octava plaza, que ser\u00eda para el alem\u00e1n, con H\u00e9ctor \u00c1lvarez firmando una gran novena posici\u00f3n a 1&#8217;04\u00bb del ganador, el esloveno Omrzel, al que acompa\u00f1aron en el podio el tambi\u00e9n esloveno Valjavec y el belga Van den Broek.<\/p>   <p>\u201cHe tenido buenas patas de salida. Est\u00e1bamos todo el rato entre los diez primeros. En torno al kil\u00f3metro 40 he notado la rueda floja y he decidido cambiarla. Me he equivocado en el momento de cambiar la rueda, cuando Philipsen ha probado suerte por delante. He podido volver a entrar en carrera tras un gran trabajo de Iker. Hemos llegado a estar a dos segundos de la cabeza de carrera con el alem\u00e1n, pero al final las patas no iban m\u00e1s. Ven\u00edamos a por m\u00e1s, pero estoy contento con el top 10\u201d, aseguraba nada m\u00e1s finalizar la carrera \u00c1lvarez.<\/p> ","protected":false},"excerpt":{"rendered":"<p>Un pinchazo en uno de los momentos clave de la carrera alej\u00f3 al ciclista alfasino de pelear por el triunfo<\/p>\n","protected":false},"author":0,"featured_media":3840,"comment_status":"open","ping_status":"open","sticky":false,"template":"","format":"standard","meta":{"_acf_changed":false,"footnotes":""},"categories":[16],"tags":[],"class_list":["post-3839","post","type-post","status-publish","format-standard","has-post-thumbnail","hentry","category-deportes"],"acf":{"ser_id":"S24CJRUD55DELD3AGVDH4LUF3E","ser_url":"https:\/\/cadenaser.com\/comunitat-valenciana\/2024\/04\/08\/hector-alvarez-hace-historia-con-un-top10-para-el-recuerdo-en-roubaix-radio-benidorm\/"},"_links":{"self":[{"href":"https:\/\/serbenidorm.daliisolutions.com\/index.php\/wp-json\/wp\/v2\/posts\/3839","targetHints":{"allow":["GET"]}}],"collection":[{"href":"https:\/\/serbenidorm.daliisolutions.com\/index.php\/wp-json\/wp\/v2\/posts"}],"about":[{"href":"https:\/\/serbenidorm.daliisolutions.com\/index.php\/wp-json\/wp\/v2\/types\/post"}],"replies":[{"embeddable":true,"href":"https:\/\/serbenidorm.daliisolutions.com\/index.php\/wp-json\/wp\/v2\/comments?post=3839"}],"version-history":[{"count":0,"href":"https:\/\/serbenidorm.daliisolutions.com\/index.php\/wp-json\/wp\/v2\/posts\/3839\/revisions"}],"wp:featuredmedia":[{"embeddable":true,"href":"https:\/\/serbenidorm.daliisolutions.com\/index.php\/wp-json\/wp\/v2\/media\/3840"}],"wp:attachment":[{"href":"https:\/\/serbenidorm.daliisolutions.com\/index.php\/wp-json\/wp\/v2\/media?parent=3839"}],"wp:term":[{"taxonomy":"category","embeddable":true,"href":"https:\/\/serbenidorm.daliisolutions.com\/index.php\/wp-json\/wp\/v2\/categories?post=3839"},{"taxonomy":"post_tag","embeddable":true,"href":"https:\/\/serbenidorm.daliisolutions.com\/index.php\/wp-json\/wp\/v2\/tags?post=3839"}],"curies":[{"name":"wp","href":"https:\/\/api.w.org\/{rel}","templated":true}]}}