{"id":3841,"date":"2024-04-08T11:14:16","date_gmt":"2024-04-08T09:14:16","guid":{"rendered":"https:\/\/serbenidorm.daliisolutions.com\/index.php\/2024\/04\/08\/el-huesitos-la-vila-vence-en-zarautz-y-se-encomienda-al-pantano-para-el-ascenso\/"},"modified":"2024-04-08T11:14:16","modified_gmt":"2024-04-08T09:14:16","slug":"el-huesitos-la-vila-vence-en-zarautz-y-se-encomienda-al-pantano-para-el-ascenso","status":"publish","type":"post","link":"https:\/\/serbenidorm.daliisolutions.com\/index.php\/2024\/04\/08\/el-huesitos-la-vila-vence-en-zarautz-y-se-encomienda-al-pantano-para-el-ascenso\/","title":{"rendered":"El Huesitos-La Vila vence en Zarautz y se encomienda al Pantano para el ascenso"},"content":{"rendered":"  <p>Benidorm<\/p>   <p>El <a href=\"https:\/\/cadenaser.com\/tag\/club_rugby_la_vila\/a\/\" target=\"_blank\" rel=\"noopener\">Huesitos-La Vila<\/a> visitaba este domingo el campo del Zarautz en un partido que, al menos por la diferencia que reflejaba la clasificaci\u00f3n, pod\u00eda ser visto como de mero tr\u00e1mite; pero que acab\u00f3 siendo mucho m\u00e1s sufrido e intenso de lo que muchos podr\u00edan haber esperado y deseado.<\/p>   <p>Pese a todo ello, los vileros se llevaron el triunfo (13-18) y vuelven a la cuarta posici\u00f3n de la clasificaci\u00f3n o, lo que es lo mismo, a puestos de disputar la fase de ascenso cuando s\u00f3lo resta un partido para el final de la Fase \u00c9lite, el que deber\u00e1n disputar el pr\u00f3ximo domingo (12:00 horas) en su Estadio del Pantano, ante el Getxo, tercer clasificado con s\u00f3lo un punto m\u00e1s que La Vila.<\/p>  <p><p>M\u00e1s informaci\u00f3n<\/p><figure><img decoding=\"async\" src=\"https:\/\/cadenaser.com\/resizer\/JOwxyQzaBrvtwqvAnXlv6yIVHAM=\/650x366\/filters:quality(70)\/cloudfront-eu-central-1.images.arcpublishing.com\/prisaradio\/FXRSYQLUZRCLNB7EKCKKGOZHVU.jpg\" loading=\"lazy\" width=\"828\" height=\"621\" \/><\/figure><ul><li><a href=\"https:\/\/cadenaser.com\/tag\/club_rugby_la_vila\/a\/\">Todas las noticias del Huesitos-La Vila<\/a><\/li><\/ul><\/p>   <p>Resultado muy corto en un partido en el que los vileros tardaron mucho en marcar, no lo hicieron hasta el minuto 27, con un ensayo de Tomas Etcheverry.<\/p>   <p>Se puso por delante La Vila en minuto 35 al convertir Javi Carri\u00f3n una patada de castigo (7-8) aunque dur\u00f3 poco la alegr\u00eda pues Jokin Elustondo hizo lo mismo en el 38, dejando el electr\u00f3nico en 10-8 al descanso.<\/p>   <p>En la reanudaci\u00f3n el equipo vasco, volvi\u00f3 a tirar a palos y conseguir otros 3 puntos (13-8) para seguir por delante en el marcador, hasta que Carri\u00f3n tiro de nuevo a palos en el 48 acortando distancias (13-11) y m\u00e1s tarde Federico Rosales \u201cFede\u201d consigui\u00f3 un ensayo con premio extra, de Mauri Jara, dejando ya el resultado final en 13-18.<\/p>   <p>De esta octava y pen\u00faltima jornada cabe destacar la derrota de El Liceo, que ya ha terminado sus partidos, sumando 24 puntos que dependiendo de los dem\u00e1s equipos podr\u00eda incluso quedarse fuera de los play off.<\/p> ","protected":false},"excerpt":{"rendered":"<p>El XV chocolatero se jugar\u00e1 poder aspirar a la m\u00e1xima categor\u00eda en la \u00faltima jornada en su casa<\/p>\n","protected":false},"author":0,"featured_media":3842,"comment_status":"open","ping_status":"open","sticky":false,"template":"","format":"standard","meta":{"_acf_changed":false,"footnotes":""},"categories":[16],"tags":[],"class_list":["post-3841","post","type-post","status-publish","format-standard","has-post-thumbnail","hentry","category-deportes"],"acf":{"ser_id":"CCNB3E6CHZD55PIWGX5GREDAQI","ser_url":"https:\/\/cadenaser.com\/comunitat-valenciana\/2024\/04\/08\/el-huesitos-la-vila-vence-en-zarautz-y-se-encomienda-al-pantano-para-el-ascenso-radio-benidorm\/"},"_links":{"self":[{"href":"https:\/\/serbenidorm.daliisolutions.com\/index.php\/wp-json\/wp\/v2\/posts\/3841","targetHints":{"allow":["GET"]}}],"collection":[{"href":"https:\/\/serbenidorm.daliisolutions.com\/index.php\/wp-json\/wp\/v2\/posts"}],"about":[{"href":"https:\/\/serbenidorm.daliisolutions.com\/index.php\/wp-json\/wp\/v2\/types\/post"}],"replies":[{"embeddable":true,"href":"https:\/\/serbenidorm.daliisolutions.com\/index.php\/wp-json\/wp\/v2\/comments?post=3841"}],"version-history":[{"count":0,"href":"https:\/\/serbenidorm.daliisolutions.com\/index.php\/wp-json\/wp\/v2\/posts\/3841\/revisions"}],"wp:featuredmedia":[{"embeddable":true,"href":"https:\/\/serbenidorm.daliisolutions.com\/index.php\/wp-json\/wp\/v2\/media\/3842"}],"wp:attachment":[{"href":"https:\/\/serbenidorm.daliisolutions.com\/index.php\/wp-json\/wp\/v2\/media?parent=3841"}],"wp:term":[{"taxonomy":"category","embeddable":true,"href":"https:\/\/serbenidorm.daliisolutions.com\/index.php\/wp-json\/wp\/v2\/categories?post=3841"},{"taxonomy":"post_tag","embeddable":true,"href":"https:\/\/serbenidorm.daliisolutions.com\/index.php\/wp-json\/wp\/v2\/tags?post=3841"}],"curies":[{"name":"wp","href":"https:\/\/api.w.org\/{rel}","templated":true}]}}