{"id":3843,"date":"2024-04-08T11:14:17","date_gmt":"2024-04-08T09:14:17","guid":{"rendered":"https:\/\/serbenidorm.daliisolutions.com\/index.php\/2024\/04\/08\/el-tm-benidorm-se-deja-ante-valladolid-parte-de-su-sueno-europeo\/"},"modified":"2024-04-08T11:14:17","modified_gmt":"2024-04-08T09:14:17","slug":"el-tm-benidorm-se-deja-ante-valladolid-parte-de-su-sueno-europeo","status":"publish","type":"post","link":"https:\/\/serbenidorm.daliisolutions.com\/index.php\/2024\/04\/08\/el-tm-benidorm-se-deja-ante-valladolid-parte-de-su-sueno-europeo\/","title":{"rendered":"El TM Benidorm se deja ante Valladolid parte de su sue\u00f1o europeo"},"content":{"rendered":"  <p>Benidorm<\/p>   <p>El choque disputado este s\u00e1bado en el Palau d\u2019Esports entre el <a href=\"https:\/\/cadenaser.com\/tag\/club_balonmano_benidorm\/a\/\" target=\"_blank\" rel=\"noopener\">TM Benidor<\/a>m y el BM Valladolid era fundamental para que los locales mantuvieran viva la llama del sue\u00f1o de volver a meterse en Europa la pr\u00f3xima temporada. Sin embargo, la derrota por la m\u00ednima (28-29) deja a los de Sergio Carballeira algo descolgados de ese tren de cabeza en una <a href=\"https:\/\/cadenaser.com\/tag\/liga_asobal\/a\/\" target=\"_blank\" rel=\"noopener\">Liga Asobal<\/a> que, por lo dem\u00e1s, se mantiene muy apretada.<\/p>   <p>El gran protagonista del choque fue el h\u00fangaro Bebedek Lazlo Nagy, portero recientemente fichado por el conjunto pucelano y que se erigi\u00f3 como el salvador de los suyos al detener una y otra vez las embestidas benidormenses.<\/p>  <p><p>M\u00e1s informaci\u00f3n<\/p><figure><img decoding=\"async\" src=\"https:\/\/cadenaser.com\/resizer\/ofreDeKF6wBUGadfOHjFTYo31X8=\/650x366\/filters:quality(70)\/cloudfront-eu-central-1.images.arcpublishing.com\/prisaradio\/HNRTPXNP55BF5BGB4SH6MBCMOM.jpg\" loading=\"lazy\" width=\"828\" height=\"621\" \/><\/figure><ul><li><a href=\"https:\/\/cadenaser.com\/comunitat-valenciana\/2023\/09\/05\/todos-los-partidos-los-horarios-y-los-resultados-del-tm-benidorm-2023-2024-radio-benidorm\/\">Todos los partidos, los horarios y los resultados del TM Benidorm 2023-2024<\/a><\/li><\/ul><\/p>   <p>Fue un choque en el que, sobre todo en la primera mitad, las defensas jugaron el papel protagonista. La igualdad que reflejaba la clasificaci\u00f3n antes del inicio del partido qued\u00f3 tambi\u00e9n reflejada en el 40&#215;20, llegando al descanso con una renta m\u00ednima (16-15) para los locales.<\/p>   <p>Tras la reanudaci\u00f3n, fue el TM Benidorm el que parec\u00eda haberle cogido el pulso al partido, abriendo una ligera renta que, visto lo visto hasta ese momento, podr\u00eda haber decantado la contienda a su favor, pero el entrenador del Balonmano Valladolid reaccion\u00f3 pidiendo un tiempo muerto que insufl\u00f3 alas a unos visitantes que le endosaron un parcial de 0-4 a los de Benidorm para colocarse por delante en el marcador.<\/p>   <p>De ah\u00ed hasta el final del partido, los visitantes supieron gestionar esa m\u00ednima ventaja para sumar los dos puntos que ambos equipos sab\u00edan que iban a ser fundamentales para mantener sus opciones de asomarse el a\u00f1o que viene a la competici\u00f3n europea.<\/p>   <p>Duro tropiezo, en definitiva, para un TM Benidorm que debe de reponerse muy r\u00e1pidamente a esta derrota antes de recibir el mi\u00e9rcoles (19:30 horas) al Cuenca en Copa del Rey.<\/p> ","protected":false},"excerpt":{"rendered":"<p>Los de Sergio Carballeira caen por la m\u00ednima y miran ya hacia la eliminatoria de Copa de este mi\u00e9rcoles<\/p>\n","protected":false},"author":0,"featured_media":3844,"comment_status":"open","ping_status":"open","sticky":false,"template":"","format":"standard","meta":{"_acf_changed":false,"footnotes":""},"categories":[16],"tags":[],"class_list":["post-3843","post","type-post","status-publish","format-standard","has-post-thumbnail","hentry","category-deportes"],"acf":{"ser_id":"A4MXOKVRG5GJTLZRGIK3ZPCSWA","ser_url":"https:\/\/cadenaser.com\/comunitat-valenciana\/2024\/04\/08\/el-tm-benidorm-se-deja-ante-valladolid-parte-de-su-sueno-europeo-radio-benidorm\/"},"_links":{"self":[{"href":"https:\/\/serbenidorm.daliisolutions.com\/index.php\/wp-json\/wp\/v2\/posts\/3843","targetHints":{"allow":["GET"]}}],"collection":[{"href":"https:\/\/serbenidorm.daliisolutions.com\/index.php\/wp-json\/wp\/v2\/posts"}],"about":[{"href":"https:\/\/serbenidorm.daliisolutions.com\/index.php\/wp-json\/wp\/v2\/types\/post"}],"replies":[{"embeddable":true,"href":"https:\/\/serbenidorm.daliisolutions.com\/index.php\/wp-json\/wp\/v2\/comments?post=3843"}],"version-history":[{"count":0,"href":"https:\/\/serbenidorm.daliisolutions.com\/index.php\/wp-json\/wp\/v2\/posts\/3843\/revisions"}],"wp:featuredmedia":[{"embeddable":true,"href":"https:\/\/serbenidorm.daliisolutions.com\/index.php\/wp-json\/wp\/v2\/media\/3844"}],"wp:attachment":[{"href":"https:\/\/serbenidorm.daliisolutions.com\/index.php\/wp-json\/wp\/v2\/media?parent=3843"}],"wp:term":[{"taxonomy":"category","embeddable":true,"href":"https:\/\/serbenidorm.daliisolutions.com\/index.php\/wp-json\/wp\/v2\/categories?post=3843"},{"taxonomy":"post_tag","embeddable":true,"href":"https:\/\/serbenidorm.daliisolutions.com\/index.php\/wp-json\/wp\/v2\/tags?post=3843"}],"curies":[{"name":"wp","href":"https:\/\/api.w.org\/{rel}","templated":true}]}}