{"id":3845,"date":"2024-04-08T11:58:26","date_gmt":"2024-04-08T09:58:26","guid":{"rendered":"https:\/\/serbenidorm.daliisolutions.com\/index.php\/2024\/04\/08\/nuevo-corte-del-tram-entre-benidorm-y-denia-durante-cinco-meses\/"},"modified":"2024-04-08T11:58:26","modified_gmt":"2024-04-08T09:58:26","slug":"nuevo-corte-del-tram-entre-benidorm-y-denia-durante-cinco-meses","status":"publish","type":"post","link":"https:\/\/serbenidorm.daliisolutions.com\/index.php\/2024\/04\/08\/nuevo-corte-del-tram-entre-benidorm-y-denia-durante-cinco-meses\/","title":{"rendered":"Nuevo corte del TRAM entre Benidorm y D\u00e9nia durante cinco meses"},"content":{"rendered":"  <p>Benidorm<\/p>   <p>Ferrocarrils de la Generalitat Valenciana (FGV) iva a empezar este martes las obras de emergencia en la zona del Mascarat de la <a href=\"https:\/\/cadenaser.com\/tag\/benidorm\/a\/\" target=\"_blank\" rel=\"noopener\">L\u00ednea 9 del TRAM d\u2019Alacant (Benidorm-D\u00e9nia)<\/a> que obligan a interrumpir inicialmente la circulaci\u00f3n ferroviaria entre las estaciones de Olla Altea y Calp.<\/p>   <p>La alternativa,  ha informado la compa\u00f1\u00eda en un comunicado, ser\u00e1 un autob\u00fas entre estas dos paradas: \u00abLos veh\u00edculos previstos mantienen el horario de paso de los trenes en la zona afectada, con una modificaci\u00f3n de las horas de salida, paso y llegada en el tramo Benidorm-Olla de Altea-Calp\u00bb.<\/p>  <p><p>M\u00e1s informaci\u00f3n<\/p><figure><img decoding=\"async\" src=\"https:\/\/cadenaser.com\/resizer\/u_R1FjTelGAcvoSKk9CLiiaEa6o=\/650x366\/filters:quality(70)\/cloudfront-eu-central-1.images.arcpublishing.com\/prisaradio\/OQZZEAVSZNEDPDYA6MDN75BNZ4.JPG\" loading=\"lazy\" width=\"828\" height=\"621\" \/><\/figure><ul><li><a href=\"https:\/\/cadenaser.com\/comunitat-valenciana\/2024\/04\/05\/el-albir-renuncia-a-su-bandera-azul-para-poder-transformar-el-paseo-de-las-estrellas-con-fondos-europeos-radio-benidorm\/\">El Albir renuncia a su Bandera Azul para poder transformar el paseo de las Estrellas con fondos europeos<\/a><\/li><\/ul><\/p>   <p>Tras este primer corte, que afectar\u00e1 al tramo Olla Altea-Calp, a partir de septiembre la interrupci\u00f3n se establecer\u00e1 entre Garganes y Calp y, posteriormente, en octubre se ampliar\u00e1 hasta Teulada. En una \u00faltima fase, antes de la finalizaci\u00f3n de las obras en diciembre, el corte comprender\u00e1 de nuevo el tramo Garganes-Calp.<\/p>   <p>Obras en los viaductos de Algar y Mascarat<\/p>   <p>Esta actuaci\u00f3n se ejecuta de manera paralela y coordinada, han explicado tambi\u00e9n, con las obras de los nuevos viaductos ferroviarios de Mascarat y Algar, en el t\u00e9rmino municipal de Altea. El presupuesto conjunto supera los 16 millones de euros y cuentan con financiaci\u00f3n europea.<\/p>   <p>FGV ha hecho coincidir estas tres actuaciones para completar as\u00ed, antes de final de a\u00f1o, el proceso de modernizaci\u00f3n de la L\u00ednea 9 que une Benidorm y D\u00e9nia. Las obras de emergencia tienen como objetivo subsanar los efectos provocados por el incendio sufrido en esta zona el pasado mes de enero y que afect\u00f3 a la infraestructura ferroviaria.<\/p>   <p>Entre las acciones a ejecutar se encuentra la retirada de arbolado; la mitigaci\u00f3n de posibles riesgos geol\u00f3gicos; la reconstrucci\u00f3n de un terrapl\u00e9n e infraestructura de drenaje; y la reducci\u00f3n de la erosi\u00f3n en taludes y laderas cercanas al trazado de la v\u00eda.<\/p>   <p>Sigue el <a href=\"https:\/\/www.whatsapp.com\/channel\/0029Va633PF9WtC4l7XUzh1e\" rel=\"nofollow noopener\" target=\"_blank\">canal de La SER en WhatsApp<\/a>, donde encontrar\u00e1s toda la informaci\u00f3n, el deporte y el entretenimiento: la actualidad del d\u00eda y las noticias de \u00faltima hora, los mejores v\u00eddeos y momentos de la radio, entrevistas, reportajes y mucho m\u00e1s.<\/p> ","protected":false},"excerpt":{"rendered":"<p>Interrupci\u00f3n entre Olla Altea y Calp hasta septiembre | El autob\u00fas ser\u00e1 la alternativa<\/p>\n","protected":false},"author":0,"featured_media":3846,"comment_status":"open","ping_status":"open","sticky":false,"template":"","format":"standard","meta":{"_acf_changed":false,"footnotes":""},"categories":[1],"tags":[],"class_list":["post-3845","post","type-post","status-publish","format-standard","has-post-thumbnail","hentry","category-sin-categoria"],"acf":{"ser_id":"YFH5FO5RYFH27B6KYQQUHLACZQ","ser_url":"https:\/\/cadenaser.com\/comunitat-valenciana\/2024\/04\/08\/nuevo-corte-del-tram-entre-benidorm-y-denia-durante-cinco-meses-radio-benidorm\/"},"_links":{"self":[{"href":"https:\/\/serbenidorm.daliisolutions.com\/index.php\/wp-json\/wp\/v2\/posts\/3845","targetHints":{"allow":["GET"]}}],"collection":[{"href":"https:\/\/serbenidorm.daliisolutions.com\/index.php\/wp-json\/wp\/v2\/posts"}],"about":[{"href":"https:\/\/serbenidorm.daliisolutions.com\/index.php\/wp-json\/wp\/v2\/types\/post"}],"replies":[{"embeddable":true,"href":"https:\/\/serbenidorm.daliisolutions.com\/index.php\/wp-json\/wp\/v2\/comments?post=3845"}],"version-history":[{"count":0,"href":"https:\/\/serbenidorm.daliisolutions.com\/index.php\/wp-json\/wp\/v2\/posts\/3845\/revisions"}],"wp:featuredmedia":[{"embeddable":true,"href":"https:\/\/serbenidorm.daliisolutions.com\/index.php\/wp-json\/wp\/v2\/media\/3846"}],"wp:attachment":[{"href":"https:\/\/serbenidorm.daliisolutions.com\/index.php\/wp-json\/wp\/v2\/media?parent=3845"}],"wp:term":[{"taxonomy":"category","embeddable":true,"href":"https:\/\/serbenidorm.daliisolutions.com\/index.php\/wp-json\/wp\/v2\/categories?post=3845"},{"taxonomy":"post_tag","embeddable":true,"href":"https:\/\/serbenidorm.daliisolutions.com\/index.php\/wp-json\/wp\/v2\/tags?post=3845"}],"curies":[{"name":"wp","href":"https:\/\/api.w.org\/{rel}","templated":true}]}}