{"id":3847,"date":"2024-04-08T11:58:27","date_gmt":"2024-04-08T09:58:27","guid":{"rendered":"https:\/\/serbenidorm.daliisolutions.com\/index.php\/2024\/04\/08\/pleno-de-victorias-para-despedir-la-temporada-de-voleibol\/"},"modified":"2024-04-08T11:58:27","modified_gmt":"2024-04-08T09:58:27","slug":"pleno-de-victorias-para-despedir-la-temporada-de-voleibol","status":"publish","type":"post","link":"https:\/\/serbenidorm.daliisolutions.com\/index.php\/2024\/04\/08\/pleno-de-victorias-para-despedir-la-temporada-de-voleibol\/","title":{"rendered":"Pleno de victorias para despedir la temporada de voleibol"},"content":{"rendered":"  <p>Benidorm<\/p>   <p>La Superliga 2 de voleibol lleg\u00f3 a su punto final el pasado fin de semana con pleno de victorias de los equipos de la comarca de la Marina Baixa, resultados que, en cualquier caso, no sirvieron de nada en lo que a la clasificaci\u00f3n se refiere toda vez que no hab\u00eda nada en juego para los dos conjuntos del <a href=\"https:\/\/cadenaser.com\/tag\/club_voleibol_playas_benidorm\/a\/\" target=\"_blank\" rel=\"noopener\">Club Voleibol Playas de Benidorm<\/a> o el Medsur-Finestrat.<\/p>   <p>En lo que a los equipos de Benidorm se refiere, los chicos del Servigroup Benidorm, que dejaron escapar la pasada semana sus opciones de disputar el ascenso, se impusieron por 3-0 al Utrera (25-17, 25-13 y 25-11) para terminar la temporada en tercera posici\u00f3n a solo un punto de ese hito hist\u00f3rico que habr\u00eda supuesto pelear por el pase a la m\u00e1xima categor\u00eda por primera vez en la historia.<\/p>  <p><p>M\u00e1s informaci\u00f3n<\/p><figure><img decoding=\"async\" src=\"https:\/\/cadenaser.com\/resizer\/SjyyX_TaHA8nDnFtiEtLEkJqYGw=\/650x366\/filters:quality(70)\/cloudfront-eu-central-1.images.arcpublishing.com\/prisaradio\/O77KZWNK7VHWPHADNLRVMVZG2Y.jpg\" loading=\"lazy\" width=\"828\" height=\"621\" \/><\/figure><ul><li><a href=\"https:\/\/cadenaser.com\/tag\/club_voleibol_playas_benidorm\/a\/\">Todas las noticias del Club Voleibol Playas de Benidorm<\/a><\/li><\/ul><\/p>   <p>Por su parte, las chicas del HolaCV-Benidorm, que hace ya muchas semanas se hab\u00edan despedido de cualquier opci\u00f3n de pelear por ese mismo logro, tambi\u00e9n superaron por 3-0 (25-20, 25-20 y 25-21) al Grau para acabar la competici\u00f3n en cuarta posici\u00f3n con 44 puntos.<\/p>   <p>El Medsur-Finestrat recib\u00eda al X\u00e0tiva y se impuso por 3-0 (25-10, 25-21 y 25-21) y finaliza el curso en la octava plaza con 29 puntos.<\/p> ","protected":false},"excerpt":{"rendered":"<p>Todos los equipos de la comarca solventaron sus choques por 3-0<\/p>\n","protected":false},"author":0,"featured_media":3848,"comment_status":"open","ping_status":"open","sticky":false,"template":"","format":"standard","meta":{"_acf_changed":false,"footnotes":""},"categories":[16],"tags":[],"class_list":["post-3847","post","type-post","status-publish","format-standard","has-post-thumbnail","hentry","category-deportes"],"acf":{"ser_id":"O2KKVQOITZALVOCWNJ6BHGZMPM","ser_url":"https:\/\/cadenaser.com\/comunitat-valenciana\/2024\/04\/08\/pleno-de-victorias-para-despedir-la-temporada-de-voleibol-radio-benidorm\/"},"_links":{"self":[{"href":"https:\/\/serbenidorm.daliisolutions.com\/index.php\/wp-json\/wp\/v2\/posts\/3847","targetHints":{"allow":["GET"]}}],"collection":[{"href":"https:\/\/serbenidorm.daliisolutions.com\/index.php\/wp-json\/wp\/v2\/posts"}],"about":[{"href":"https:\/\/serbenidorm.daliisolutions.com\/index.php\/wp-json\/wp\/v2\/types\/post"}],"replies":[{"embeddable":true,"href":"https:\/\/serbenidorm.daliisolutions.com\/index.php\/wp-json\/wp\/v2\/comments?post=3847"}],"version-history":[{"count":0,"href":"https:\/\/serbenidorm.daliisolutions.com\/index.php\/wp-json\/wp\/v2\/posts\/3847\/revisions"}],"wp:featuredmedia":[{"embeddable":true,"href":"https:\/\/serbenidorm.daliisolutions.com\/index.php\/wp-json\/wp\/v2\/media\/3848"}],"wp:attachment":[{"href":"https:\/\/serbenidorm.daliisolutions.com\/index.php\/wp-json\/wp\/v2\/media?parent=3847"}],"wp:term":[{"taxonomy":"category","embeddable":true,"href":"https:\/\/serbenidorm.daliisolutions.com\/index.php\/wp-json\/wp\/v2\/categories?post=3847"},{"taxonomy":"post_tag","embeddable":true,"href":"https:\/\/serbenidorm.daliisolutions.com\/index.php\/wp-json\/wp\/v2\/tags?post=3847"}],"curies":[{"name":"wp","href":"https:\/\/api.w.org\/{rel}","templated":true}]}}