{"id":3849,"date":"2024-04-08T11:58:27","date_gmt":"2024-04-08T09:58:27","guid":{"rendered":"https:\/\/serbenidorm.daliisolutions.com\/index.php\/2024\/04\/08\/el-benidorm-activa-la-cuenta-atras-final-para-el-ascenso\/"},"modified":"2024-04-08T11:58:27","modified_gmt":"2024-04-08T09:58:27","slug":"el-benidorm-activa-la-cuenta-atras-final-para-el-ascenso","status":"publish","type":"post","link":"https:\/\/serbenidorm.daliisolutions.com\/index.php\/2024\/04\/08\/el-benidorm-activa-la-cuenta-atras-final-para-el-ascenso\/","title":{"rendered":"El Benidorm activa la cuenta atr\u00e1s final para el ascenso"},"content":{"rendered":"  <p>Benidorm<\/p>   <p>La victoria del <a href=\"https:\/\/cadenaser.com\/tag\/club_futbol_benidorm\/a\/\" target=\"_blank\" rel=\"noopener\">C.F. Benidorm<\/a> ante el H\u00e9rcules B (1-0) este domingo en el Estadio Guillermo Amor ha activado, ya de manera definitiva e irreversible, la cuenta atr\u00e1s final para poder certificar de manera matem\u00e1tica el t\u00edtulo de campe\u00f3n del grupo sur de la Lliga Comunitat y, con ello, el ascenso a la Tercera RFEF.<\/p>   <p>Con s\u00f3lo seis partidos por disputarse y, por lo tanto, con 18 puntos en juego; la renta del C.F. Benidorm sobre su m\u00e1s inmediato perseguidor, el Crevillente Deportivo, es ya de 14 puntos (los crevillentinos, eso s\u00ed, con un partido menos en su haber), por lo que, siempre que el Benidorm cumpla con los pron\u00f3sticos y se imponga al D\u00e9nia la pr\u00f3xima semana, el choque ante el Eldense B en casa previsto para domingo, 21 de abril, podr\u00eda convertirse en la gran fiesta del ascenso.<\/p>  <p><p>M\u00e1s informaci\u00f3n<\/p><figure><img decoding=\"async\" src=\"https:\/\/cadenaser.com\/resizer\/WY45aKLgsXhpw2UkcglfDfjpffo=\/650x366\/filters:quality(70)\/cloudfront-eu-central-1.images.arcpublishing.com\/prisaradio\/QQB57AKQRVHQRJFHF4NYXZE6SU.jpg\" loading=\"lazy\" width=\"828\" height=\"621\" \/><\/figure><ul><li><a href=\"https:\/\/cadenaser.com\/tag\/club_futbol_benidorm\/a\/\">Todas las noticias del C.F. Benidorm<\/a><\/li><\/ul><\/p>   <p>Este fin de semana, el solitario tanto de Javi Cabezas nada m\u00e1s comenzar el partido (minuto 6 de la primera mitad) fue suficiente para superar al filial herculano y amarrar la que ya es la 18\u00aa victoria benidormense en 24 partidos.<\/p>   <p><b>Divorcio total en La Nuc\u00eda<\/b><\/p>   <p>Mientras tanto, el ya descendido C.F. La Nuc\u00eda, volvi\u00f3 a caer en casa ante el Alzira (1-2) en un partido que sirvi\u00f3 para mostrar el divorcio total existente entre el club entre afici\u00f3n, jugadores y la propia directiva. De hecho, una de las im\u00e1genes m\u00e1s lamentables de la jornada fue la que se pudo ver (o no ver) en el palco de autoridades del Camilo Cano al que ning\u00fan directivo acudi\u00f3 para acompa\u00f1ar y apoyar a unos jugadores que no s\u00f3lo no cobran desde hace tres meses, sino que fueron v\u00edctimas de un repugnante acto vand\u00e1lico la pasada cuando alguien decidi\u00f3 pincharles las ruedas de sus coches mientras se encontraban disputando su partido en Terrassa.<\/p> ","protected":false},"excerpt":{"rendered":"<p>El triunfo ante el H\u00e9rcules B deja a los de Miguel \u00c1ngel Mart\u00ednez a \u2018partido y medio\u2019 del t\u00edtulo matem\u00e1tico<\/p>\n","protected":false},"author":0,"featured_media":3850,"comment_status":"open","ping_status":"open","sticky":false,"template":"","format":"standard","meta":{"_acf_changed":false,"footnotes":""},"categories":[16],"tags":[],"class_list":["post-3849","post","type-post","status-publish","format-standard","has-post-thumbnail","hentry","category-deportes"],"acf":{"ser_id":"KYQ5NXITOZFLVLCJYNYDFEYV2Y","ser_url":"https:\/\/cadenaser.com\/comunitat-valenciana\/2024\/04\/08\/el-benidorm-activa-la-cuenta-atras-final-para-el-ascenso-radio-benidorm\/"},"_links":{"self":[{"href":"https:\/\/serbenidorm.daliisolutions.com\/index.php\/wp-json\/wp\/v2\/posts\/3849","targetHints":{"allow":["GET"]}}],"collection":[{"href":"https:\/\/serbenidorm.daliisolutions.com\/index.php\/wp-json\/wp\/v2\/posts"}],"about":[{"href":"https:\/\/serbenidorm.daliisolutions.com\/index.php\/wp-json\/wp\/v2\/types\/post"}],"replies":[{"embeddable":true,"href":"https:\/\/serbenidorm.daliisolutions.com\/index.php\/wp-json\/wp\/v2\/comments?post=3849"}],"version-history":[{"count":0,"href":"https:\/\/serbenidorm.daliisolutions.com\/index.php\/wp-json\/wp\/v2\/posts\/3849\/revisions"}],"wp:featuredmedia":[{"embeddable":true,"href":"https:\/\/serbenidorm.daliisolutions.com\/index.php\/wp-json\/wp\/v2\/media\/3850"}],"wp:attachment":[{"href":"https:\/\/serbenidorm.daliisolutions.com\/index.php\/wp-json\/wp\/v2\/media?parent=3849"}],"wp:term":[{"taxonomy":"category","embeddable":true,"href":"https:\/\/serbenidorm.daliisolutions.com\/index.php\/wp-json\/wp\/v2\/categories?post=3849"},{"taxonomy":"post_tag","embeddable":true,"href":"https:\/\/serbenidorm.daliisolutions.com\/index.php\/wp-json\/wp\/v2\/tags?post=3849"}],"curies":[{"name":"wp","href":"https:\/\/api.w.org\/{rel}","templated":true}]}}