{"id":3866,"date":"2024-04-08T16:37:17","date_gmt":"2024-04-08T14:37:17","guid":{"rendered":"https:\/\/serbenidorm.daliisolutions.com\/index.php\/2024\/04\/08\/benidorm-bate-su-record-de-poblacion-y-roza-el-umbral-de-gran-ciudad\/"},"modified":"2024-04-08T16:37:17","modified_gmt":"2024-04-08T14:37:17","slug":"benidorm-bate-su-record-de-poblacion-y-roza-el-umbral-de-gran-ciudad","status":"publish","type":"post","link":"https:\/\/serbenidorm.daliisolutions.com\/index.php\/2024\/04\/08\/benidorm-bate-su-record-de-poblacion-y-roza-el-umbral-de-gran-ciudad\/","title":{"rendered":"Benidorm bate su r\u00e9cord de poblaci\u00f3n y roza el umbral de &#8216;gran ciudad&#8217;"},"content":{"rendered":"  <p>Benidorm<\/p>   <p>Benidorm ha alcanzado su m\u00e1ximo hist\u00f3rico de poblaci\u00f3n censada rozando los 75.000 habitantes, concretamente 74.588, seg\u00fan el Instituto Nacional de Estad\u00edstica (INE).<\/p>   <p>El dato se ha recabado a fecha de 1 de enero de 2024 y <a href=\"https:\/\/cadenaser.com\/tag\/benidorm\/a\/\" target=\"_blank\" rel=\"noopener\">supone un aumento en el padr\u00f3n de 2.250 personas m\u00e1s con respecto al a\u00f1o pasado en una ciudad eminentemente tur\u00edstica<\/a> que la mayor parte del a\u00f1o acoge un n\u00famero muy superior de personas que disfruta de su oferta hotelera y de sol y playa.<\/p>  <p><p class=\"tit\"><span>Hora 14 Benidorm (08\/04\/2024)<\/span><\/p> <p class=\"emb\"><iframe loading=\"lazy\" src=\"https:\/\/cadenaser.com\/embed\/audio\/460\/cadenaser_benidorm_hora14benidorm_20240408_141700_143000\/\" width=\"100%\" height=\"360\" frameborder=\"0\" allowfullscreen><\/iframe><\/p><\/p>   <p>Se trata de r\u00e9cord hist\u00f3rico puesto que es la cifra m\u00e1s alta de censados que Benidorm ha alcanzado nunca, al rebasar en 820 personas el dato de 2013, cuando la ciudad hab\u00eda marcado su anterior techo poblacional.<\/p>  <p><p>M\u00e1s informaci\u00f3n<\/p><figure><img decoding=\"async\" src=\"https:\/\/cadenaser.com\/resizer\/nTlVV_0LZfo_oATvBFSFi1YMXEo=\/650x366\/filters:quality(70)\/cloudfront-eu-central-1.images.arcpublishing.com\/prisaradio\/SPJP5I4YWNFPJFBJORTWQVNQRA.jpeg\" loading=\"lazy\" width=\"828\" height=\"621\" \/><\/figure><ul><li><a href=\"https:\/\/cadenaser.com\/comunitat-valenciana\/2024\/04\/03\/el-peor-de-los-escenarios-la-marina-baixa-encara-una-inminente-alerta-por-sequia-con-los-embalses-en-continuo-descenso-radio-benidorm\/\">\u00abEl peor de los escenarios\u00bb: La Marina Baixa entra en alerta por sequ\u00eda<\/a><\/li><\/ul><\/p>   <p>La cifra podr\u00eda terminar siendo, incluso, superior puesto que se abre ahora un plazo para que los ayuntamientos planteen alegaciones a la poblaci\u00f3n establecida por el INE, que en ocasiones puede ser inferior a la que calculan los propios municipios.<\/p>   <p>Esa discrepancia de cifras viene marcada, fundamentalmente, por la poblaci\u00f3n extranjera que, en funci\u00f3n de la nacionalidad, deben renovar o confirmar su inscripci\u00f3n padronal, un tr\u00e1mite que no todos los residentes completan en tiempo y forma.  <\/p>   <p>El objetivo: 75.000 <\/p>   <p>El alcalde de Benidorm, Toni P\u00e9rez, ha destacado que \u201cestas cifras confirman que hay inter\u00e9s creciente no s\u00f3lo por residir en Benidorm sino por empadronarse en la ciudad, algo a lo que han contribuido la mejora progresiva de los servicios p\u00fablicos y las oportunidades econ\u00f3micas que ofrece el destino\u00bb. <\/p>   <p>\u00abEs un crecimiento lento pero s\u00f3lido y sostenido en el tiempo que nos ha hecho pasar en pocos a\u00f1os de los algo m\u00e1s de 66.000 habitantes a m\u00e1s de 74.500\u201d, ha a\u00f1adido.<\/p>   <p>P\u00e9rez ha hecho hincapi\u00e9 en el dato porque \u201cel objetivo sigue siendo alcanzar los 75.000 habitantes, ese umbral que supondr\u00eda dar el salto a \u2018gran ciudad\u2019 y, con ello, tener posibilidad de acceder a m\u00e1s financiaci\u00f3n por parte del Estado\u201d. <\/p>   <p>Sigue el <a href=\"https:\/\/www.whatsapp.com\/channel\/0029Va633PF9WtC4l7XUzh1e\" rel=\"nofollow noopener\" target=\"_blank\">canal de La SER en WhatsApp<\/a>, donde encontrar\u00e1s toda la informaci\u00f3n, el deporte y el entretenimiento: la actualidad del d\u00eda y las noticias de \u00faltima hora, los mejores v\u00eddeos y momentos de la radio, entrevistas, reportajes y mucho m\u00e1s.<\/p> ","protected":false},"excerpt":{"rendered":"<p>El n\u00famero de empadronados a 1 de enero asciende a 74.588 <\/p>\n","protected":false},"author":0,"featured_media":3867,"comment_status":"open","ping_status":"open","sticky":false,"template":"","format":"standard","meta":{"_acf_changed":false,"footnotes":""},"categories":[1],"tags":[],"class_list":["post-3866","post","type-post","status-publish","format-standard","has-post-thumbnail","hentry","category-sin-categoria"],"acf":{"ser_id":"P4OM662KXRCMDJ6N3ZGRR2FMRQ","ser_url":"https:\/\/cadenaser.com\/comunitat-valenciana\/2024\/04\/08\/benidorm-bate-su-record-de-poblacion-y-roza-el-umbral-de-gran-ciudad-radio-benidorm\/"},"_links":{"self":[{"href":"https:\/\/serbenidorm.daliisolutions.com\/index.php\/wp-json\/wp\/v2\/posts\/3866","targetHints":{"allow":["GET"]}}],"collection":[{"href":"https:\/\/serbenidorm.daliisolutions.com\/index.php\/wp-json\/wp\/v2\/posts"}],"about":[{"href":"https:\/\/serbenidorm.daliisolutions.com\/index.php\/wp-json\/wp\/v2\/types\/post"}],"replies":[{"embeddable":true,"href":"https:\/\/serbenidorm.daliisolutions.com\/index.php\/wp-json\/wp\/v2\/comments?post=3866"}],"version-history":[{"count":0,"href":"https:\/\/serbenidorm.daliisolutions.com\/index.php\/wp-json\/wp\/v2\/posts\/3866\/revisions"}],"wp:featuredmedia":[{"embeddable":true,"href":"https:\/\/serbenidorm.daliisolutions.com\/index.php\/wp-json\/wp\/v2\/media\/3867"}],"wp:attachment":[{"href":"https:\/\/serbenidorm.daliisolutions.com\/index.php\/wp-json\/wp\/v2\/media?parent=3866"}],"wp:term":[{"taxonomy":"category","embeddable":true,"href":"https:\/\/serbenidorm.daliisolutions.com\/index.php\/wp-json\/wp\/v2\/categories?post=3866"},{"taxonomy":"post_tag","embeddable":true,"href":"https:\/\/serbenidorm.daliisolutions.com\/index.php\/wp-json\/wp\/v2\/tags?post=3866"}],"curies":[{"name":"wp","href":"https:\/\/api.w.org\/{rel}","templated":true}]}}