{"id":3884,"date":"2024-04-09T10:16:50","date_gmt":"2024-04-09T08:16:50","guid":{"rendered":"https:\/\/serbenidorm.daliisolutions.com\/index.php\/2024\/04\/09\/eric-carrio-capitan-del-servigroup-benidorm-pone-fin-a-su-etapa-en-el-raul-mesa\/"},"modified":"2024-04-09T10:16:50","modified_gmt":"2024-04-09T08:16:50","slug":"eric-carrio-capitan-del-servigroup-benidorm-pone-fin-a-su-etapa-en-el-raul-mesa","status":"publish","type":"post","link":"https:\/\/serbenidorm.daliisolutions.com\/index.php\/2024\/04\/09\/eric-carrio-capitan-del-servigroup-benidorm-pone-fin-a-su-etapa-en-el-raul-mesa\/","title":{"rendered":"Eric Carri\u00f3, capit\u00e1n del Servigroup Benidorm, pone fin a su etapa en el Ra\u00fal Mesa"},"content":{"rendered":"  <p>Benidorm<\/p>   <p>Lleg\u00f3 al Pabell\u00f3n Ra\u00fal Mesa hace siete temporadas y despu\u00e9s de dos a\u00f1os militando en el equipo Juvenil (con apariciones espor\u00e1dicas en el primer equipo) y cinco en el <a href=\"https:\/\/cadenaser.com\/tag\/club_voleibol_playas_benidorm\/a\/\" target=\"_blank\" rel=\"noopener\">Servigroup Benidorm<\/a>, Eric Carri\u00f3, capit\u00e1n del equipo masculino del Club Voleibol Playas de Benidorm ha anunciado que, finalizada la temporada 2023-2024 en la Superliga 2 Masculina, ha llegado el momento de abandonar la disciplina de la entidad benidormense.<\/p>  <p><p>M\u00e1s informaci\u00f3n<\/p><figure><img decoding=\"async\" src=\"https:\/\/cadenaser.com\/resizer\/SjyyX_TaHA8nDnFtiEtLEkJqYGw=\/650x366\/filters:quality(70)\/cloudfront-eu-central-1.images.arcpublishing.com\/prisaradio\/O77KZWNK7VHWPHADNLRVMVZG2Y.jpg\" loading=\"lazy\" width=\"828\" height=\"621\" \/><\/figure><ul><li><a href=\"https:\/\/cadenaser.com\/tag\/club_voleibol_playas_benidorm\/a\/\">Todas las noticias del Club Voleibol Playas de Benidorm<\/a><\/li><\/ul><\/p>   <p>En una entrevista concedida a <a href=\"https:\/\/cadenaser.com\/radio-benidorm\/ser-deportivos-benidorm\/\" target=\"_blank\" rel=\"noopener\">SER Deportivos Marina Baixa<\/a>, el ya exjugador benidormense ha explicado que los motivos de su adi\u00f3s no tienen nada que ver con lo deportivo, sino que se ve obligado a tomar esta decisi\u00f3n para poder continuar con su formaci\u00f3n acad\u00e9mica. A punto de terminar las carreras de F\u00edsica y Matem\u00e1ticas, su pr\u00f3ximo reto est\u00e1 lejos de las canchas de v\u00f3ley ya que Carri\u00f3 tiene previsto realizar un M\u00e1ster.<\/p>   <p>Como ha explicado en su paso por <a href=\"https:\/\/cadenaser.com\/radio-benidorm\/\" target=\"_blank\" rel=\"noopener\">Radio Benidorm<\/a>, ya tuvo dudas sobre poner un punto y aparte a su carrera deportiva al final de la pasada temporada, pero el ilusionante proyecto que le plante\u00f3 el <a href=\"https:\/\/cadenaser.com\/tag\/club_voleibol_playas_benidorm\/a\/\" target=\"_blank\" rel=\"noopener\">Club Voleibol Playas de Benidorm<\/a> le convenci\u00f3 para afrontar un \u00faltimo a\u00f1o con el ascenso a la m\u00e1xima categor\u00eda en el horizonte.<\/p>   <p>Finalmente, ese enrome reto no pudo completarse, pero Carri\u00f3 sigue guardando un bonito recuerdo de su paso por el club de Benidorm.<\/p> ","protected":false},"excerpt":{"rendered":"<p>El jugador de Sant Joan ha militado en el Club Voleibol Playas de Benidorm durante siete temporadas<\/p>\n","protected":false},"author":0,"featured_media":3885,"comment_status":"open","ping_status":"open","sticky":false,"template":"","format":"standard","meta":{"_acf_changed":false,"footnotes":""},"categories":[16],"tags":[],"class_list":["post-3884","post","type-post","status-publish","format-standard","has-post-thumbnail","hentry","category-deportes"],"acf":{"ser_id":"TMYF3FE7PFEZ7PVWCQN465X6OQ","ser_url":"https:\/\/cadenaser.com\/comunitat-valenciana\/2024\/04\/09\/eric-carrio-capitan-del-servigroup-benidorm-pone-fin-a-su-etapa-en-el-raul-mesa-radio-benidorm\/"},"_links":{"self":[{"href":"https:\/\/serbenidorm.daliisolutions.com\/index.php\/wp-json\/wp\/v2\/posts\/3884","targetHints":{"allow":["GET"]}}],"collection":[{"href":"https:\/\/serbenidorm.daliisolutions.com\/index.php\/wp-json\/wp\/v2\/posts"}],"about":[{"href":"https:\/\/serbenidorm.daliisolutions.com\/index.php\/wp-json\/wp\/v2\/types\/post"}],"replies":[{"embeddable":true,"href":"https:\/\/serbenidorm.daliisolutions.com\/index.php\/wp-json\/wp\/v2\/comments?post=3884"}],"version-history":[{"count":0,"href":"https:\/\/serbenidorm.daliisolutions.com\/index.php\/wp-json\/wp\/v2\/posts\/3884\/revisions"}],"wp:featuredmedia":[{"embeddable":true,"href":"https:\/\/serbenidorm.daliisolutions.com\/index.php\/wp-json\/wp\/v2\/media\/3885"}],"wp:attachment":[{"href":"https:\/\/serbenidorm.daliisolutions.com\/index.php\/wp-json\/wp\/v2\/media?parent=3884"}],"wp:term":[{"taxonomy":"category","embeddable":true,"href":"https:\/\/serbenidorm.daliisolutions.com\/index.php\/wp-json\/wp\/v2\/categories?post=3884"},{"taxonomy":"post_tag","embeddable":true,"href":"https:\/\/serbenidorm.daliisolutions.com\/index.php\/wp-json\/wp\/v2\/tags?post=3884"}],"curies":[{"name":"wp","href":"https:\/\/api.w.org\/{rel}","templated":true}]}}