{"id":3887,"date":"2024-04-09T10:44:13","date_gmt":"2024-04-09T08:44:13","guid":{"rendered":"https:\/\/serbenidorm.daliisolutions.com\/index.php\/2024\/04\/09\/fiscalia-pide-10-anos-para-un-hombre-acusado-de-maltratar-y-violar-a-su-pareja-en-benidorm\/"},"modified":"2024-04-09T10:44:13","modified_gmt":"2024-04-09T08:44:13","slug":"fiscalia-pide-10-anos-para-un-hombre-acusado-de-maltratar-y-violar-a-su-pareja-en-benidorm","status":"publish","type":"post","link":"https:\/\/serbenidorm.daliisolutions.com\/index.php\/2024\/04\/09\/fiscalia-pide-10-anos-para-un-hombre-acusado-de-maltratar-y-violar-a-su-pareja-en-benidorm\/","title":{"rendered":"Fiscal\u00eda pide 10 a\u00f1os para un hombre acusado de maltratar y violar a su pareja en Benidorm"},"content":{"rendered":"  <p>Benidorm<\/p>   <p>Este martes comienza en la Audiencia Provincial de Alicante el juicio a un hombre acusado de maltratar y violar a su pareja en la vivienda en la que conviv\u00edan de Benidorm hace dos a\u00f1os, seg\u00fan ha informado el <a href=\"https:\/\/cadenaser.com\/tag\/tsjv_tribunal_superior_justicia_valencia\/a\/\" target=\"_blank\" rel=\"noopener\">Tribunal Superior de Justicia de la Comunitat Valenciana (TSJCV)<\/a>.<\/p>   <p>El relato de la Fiscal\u00eda sostiene que la pareja se enzarz\u00f3 en una discusi\u00f3n durante la que el hombre le dio un golpe en el rostro a la mujer. A continuaci\u00f3n, comenz\u00f3 a tocarle el pecho, mientras que su pareja le dec\u00eda que parara. Por el contrario, el hombre le abofete\u00f3 la cara, le dio dos patadas y la viol\u00f3, pese a la resistencia de la v\u00edctima.<\/p>   <p><p>M\u00e1s informaci\u00f3n<\/p><ul><li><a href=\"https:\/\/cadenaser.com\/comunitat-valenciana\/2024\/04\/02\/25-anos-de-carcel-en-total-para-los-tres-hombres-que-violaron-en-benidorm-a-una-turista-britanica-ebria-radio-benidorm\/\">25 a\u00f1os de c\u00e1rcel en total para los tres hombres que violaron en Benidorm a una turista brit\u00e1nica ebria<\/a><\/li><\/ul><\/p>   <p>El Ministerio Fiscal solicita inicialmente una pena de prisi\u00f3n de diez a\u00f1os por un delito de maltrato familiar y otro de agresi\u00f3n sexual.<\/p>   <p><i>Sigue el <\/i><a href=\"https:\/\/www.whatsapp.com\/channel\/0029Va633PF9WtC4l7XUzh1e\" rel=\"nofollow noopener\" target=\"_blank\"><i>canal de La SER en WhatsApp<\/i><\/a><i>, donde encontrar\u00e1s toda la informaci\u00f3n, el deporte y el entretenimiento: la actualidad del d\u00eda y las noticias de \u00faltima hora, los mejores v\u00eddeos y momentos de la radio, entrevistas, reportajes y mucho m\u00e1s.<\/i><\/p> ","protected":false},"excerpt":{"rendered":"<p>En la vivienda donde conviv\u00edan<\/p>\n","protected":false},"author":0,"featured_media":3888,"comment_status":"open","ping_status":"open","sticky":false,"template":"","format":"standard","meta":{"_acf_changed":false,"footnotes":""},"categories":[1],"tags":[],"class_list":["post-3887","post","type-post","status-publish","format-standard","has-post-thumbnail","hentry","category-sin-categoria"],"acf":{"ser_id":"7DDBDIXC4RBNTDSKUAHRTGFRNQ","ser_url":"https:\/\/cadenaser.com\/comunitat-valenciana\/2024\/04\/09\/fiscalia-pide-10-anos-para-un-hombre-acusado-de-maltratar-y-violar-a-su-pareja-en-benidorm-radio-benidorm\/"},"_links":{"self":[{"href":"https:\/\/serbenidorm.daliisolutions.com\/index.php\/wp-json\/wp\/v2\/posts\/3887","targetHints":{"allow":["GET"]}}],"collection":[{"href":"https:\/\/serbenidorm.daliisolutions.com\/index.php\/wp-json\/wp\/v2\/posts"}],"about":[{"href":"https:\/\/serbenidorm.daliisolutions.com\/index.php\/wp-json\/wp\/v2\/types\/post"}],"replies":[{"embeddable":true,"href":"https:\/\/serbenidorm.daliisolutions.com\/index.php\/wp-json\/wp\/v2\/comments?post=3887"}],"version-history":[{"count":0,"href":"https:\/\/serbenidorm.daliisolutions.com\/index.php\/wp-json\/wp\/v2\/posts\/3887\/revisions"}],"wp:featuredmedia":[{"embeddable":true,"href":"https:\/\/serbenidorm.daliisolutions.com\/index.php\/wp-json\/wp\/v2\/media\/3888"}],"wp:attachment":[{"href":"https:\/\/serbenidorm.daliisolutions.com\/index.php\/wp-json\/wp\/v2\/media?parent=3887"}],"wp:term":[{"taxonomy":"category","embeddable":true,"href":"https:\/\/serbenidorm.daliisolutions.com\/index.php\/wp-json\/wp\/v2\/categories?post=3887"},{"taxonomy":"post_tag","embeddable":true,"href":"https:\/\/serbenidorm.daliisolutions.com\/index.php\/wp-json\/wp\/v2\/tags?post=3887"}],"curies":[{"name":"wp","href":"https:\/\/api.w.org\/{rel}","templated":true}]}}